{"id":31384,"date":"2012-12-23T03:38:01","date_gmt":"2012-12-23T03:38:01","guid":{"rendered":null},"modified":"-0001-11-30T00:00:00","modified_gmt":"-0001-11-30T00:00:00","slug":"the-yayoflautas-deal-with-the-department-of-health-of-the-generalitat-against-cuts","status":"publish","type":"post","link":"https:\/\/www.best-dentist-dentistry.com\/de\/the-yayoflautas-deal-with-the-department-of-health-of-the-generalitat-against-cuts\/31384","title":{"rendered":"Die &#8220;Yayoflautas&#8221; befassen sich mit der Fakult\u00e4t f\u00fcr Gesundheit von der Generalitat Schnittschutz"},"content":{"rendered":"<p class=\"first\"> Barcelona, 12 Dec (EFE).-100 ausgemustert Mitglieder des Kollektivs bekannt als &#8220;Yayoflautas&#8221; die Fakult\u00e4t f\u00fcr Gesundheit von der Generalitat beabsichtigen mit der Boi Ruiz Regionalminister sprechen und ihre Ablehnung des weiteren K\u00fcrzungen schnelles und unterst\u00fctzen Arbeitnehmer aus den Krankenh\u00e4usern, die jetzt mobilisiert besetzt haben.<\/p>\n<p>wie EfE berichtete, die einer der Sprecher dieser Bewegung, Francisco Gonz\u00e1lez, der Gruppe &#8220;Yayoflautas&#8221;, ca. 1045 Stunden am Sitz der Conselleria eingegeben hat, wo haben die Lobby besetzt und haben angek\u00fcndigt, dass sie nicht, bis Sie in der Lage bewegen w\u00fcrde zu treffen mit dem Minister.<\/p>\n<p>schlie\u00dflich sind \u00fcbereingekommen, Gespr\u00e4ch mit dem Chef des Kabinetts, Jaume Tort, aber es war nicht m\u00f6glich, da w\u00e4hrend der Vertreter des Ministeriums das Interview hinter verschlossenen wollte T\u00fcren &#8220;Yayoflautas&#8221; gefragt, dass Gegenwart Journalisten.<\/p>\n<p> &lt; p&gt; &#8220;Das Treffen nicht sinnvoll hinter verschlossenen T\u00fcren, da alle B\u00fcrger berechtigt sind, durch die Medien, was sind die Erkl\u00e4rungen angeboten, die von der Verwaltung wissen,&#8221;, sagte Gonzalez.<\/p>\n<p>laut dieser Sprecher, da die Abteilung, sie nach offiziellen Angaben zur Verteidigung des &#8220;angenommenen guten Zustand&#8221; der \u00f6ffentlichen Gesundheit Katalanisch hingewiesen hat.<\/p>\n<p>&#8220;ihre Zahlen k\u00f6nnen sagen was sie wollen, sind ebenso Wartelisten oder Dienstleistungen, aber wir sind auf der Stra\u00dfe und die Leiden der Reality. k\u00f6nnen argumentieren, was sie wollen, aber die Realit\u00e4t ist, dass&#8221;, sagte Gonzalez, wer seine Angst hat gezeigt, dass 4 Milliarden von der Generalitat 2013 Budget Anpassung mit sich bringen einen neuen Schnitt f\u00fcr die \u00f6ffentliche Gesundheit.<\/p>\n<p>treffen versuchte mit der Abteilung &#8220;Yayoflautas&#8221; haben begonnen, einen Marsch auf der Stra\u00dfe in Richtung zu den Hospital Cl\u00ednic, deren Arbeitnehmer engagieren sich heute in die Proteste organisiert in ein Dutzend der katalanischen Krankenh\u00e4user gegen K\u00fcrzungen der \u00f6ffentlichen Gesundheit und der Rechte der Arbeitnehmer.<\/p>\n<p>dieser Gruppe der Rentner, erstellt durch die 15 M, Bewegung und dass sie sich an Protesten gegen die K\u00fcrzungen im \u00f6ffentlichen Dienst, angeschlossen hatten hat angek\u00fcndigt, dass er auf die Stra\u00dfe, den Tag gehen wird der Inbesitznahme des zuk\u00fcnftigen Pr\u00e4sidenten der Generalitat.<\/p>\n","protected":false},"excerpt":{"rendered":"<p>Barcelona, 12 Dec (EFE).-100 ausgemustert Mitglieder des Kollektivs bekannt als &#8220;Yayoflautas&#8221; die Fakult\u00e4t f\u00fcr Gesundheit von der Generalitat beabsichtigen mit der Boi Ruiz Regionalminister sprechen und ihre Ablehnung des weiteren K\u00fcrzungen schnelles und unterst\u00fctzen Arbeitnehmer aus den Krankenh\u00e4usern, die jetzt mobilisiert besetzt haben. wie EfE berichtete, die einer der Sprecher dieser Bewegung, Francisco Gonz\u00e1lez, der [&hellip;]<\/p>\n","protected":false},"author":1,"featured_media":0,"comment_status":"close","ping_status":"open","sticky":false,"template":"","format":"standard","meta":{"footnotes":""},"categories":[3],"tags":[41666],"class_list":["post-31384","post","type-post","status-publish","format-standard","hentry","category-allgemeine","tag-zamora","et-doesnt-have-format-content","et_post_format-et-post-format-standard"],"_links":{"self":[{"href":"https:\/\/www.best-dentist-dentistry.com\/de\/wp-json\/wp\/v2\/posts\/31384","targetHints":{"allow":["GET"]}}],"collection":[{"href":"https:\/\/www.best-dentist-dentistry.com\/de\/wp-json\/wp\/v2\/posts"}],"about":[{"href":"https:\/\/www.best-dentist-dentistry.com\/de\/wp-json\/wp\/v2\/types\/post"}],"author":[{"embeddable":true,"href":"https:\/\/www.best-dentist-dentistry.com\/de\/wp-json\/wp\/v2\/users\/1"}],"replies":[{"embeddable":true,"href":"https:\/\/www.best-dentist-dentistry.com\/de\/wp-json\/wp\/v2\/comments?post=31384"}],"version-history":[{"count":0,"href":"https:\/\/www.best-dentist-dentistry.com\/de\/wp-json\/wp\/v2\/posts\/31384\/revisions"}],"wp:attachment":[{"href":"https:\/\/www.best-dentist-dentistry.com\/de\/wp-json\/wp\/v2\/media?parent=31384"}],"wp:term":[{"taxonomy":"category","embeddable":true,"href":"https:\/\/www.best-dentist-dentistry.com\/de\/wp-json\/wp\/v2\/categories?post=31384"},{"taxonomy":"post_tag","embeddable":true,"href":"https:\/\/www.best-dentist-dentistry.com\/de\/wp-json\/wp\/v2\/tags?post=31384"}],"curies":[{"name":"wp","href":"https:\/\/api.w.org\/{rel}","templated":true}]}}