{"id":3142,"date":"2012-01-13T18:03:57","date_gmt":"2012-01-13T18:03:57","guid":{"rendered":null},"modified":"-0001-11-30T00:00:00","modified_gmt":"-0001-11-30T00:00:00","slug":"ignacio-garcia-cano-joined-group-milk-pascual-as-ceo-ceo","status":"publish","type":"post","link":"https:\/\/www.best-dentist-dentistry.com\/de\/ignacio-garcia-cano-joined-group-milk-pascual-as-ceo-ceo\/3142","title":{"rendered":"Ignacio GARCIA Cano trat Gruppe Milch Pascual als CEO CEO."},"content":{"rendered":"<p><strong>Ignacio GARCIA-Cano trat Gruppe Milch Pascual als CEO Generaldirektor Executive.<\/strong><\/p>\n<p> <font size=\"2\">-mit umfangreicher Erfahrung in Konsumg\u00fctern Unternehmen, Garcia-Cano managt die Gesch\u00e4ftst\u00e4tigkeit der Gesellschaft Essen <\/p>\n<p>-Tom\u00e1s Pascual Gomez-Cu\u00e9tara, CEO von der Business Corporation Pascual und Vorsitzender der Gruppe Milch Pascual, wird die Entwicklung von strategischen und internationalen Erh\u00f6hung <\/p>\n<p> <strong>Madrid, Januar 2012 &#8211;<\/strong> Ignacio GARCIA-Cano SalgadoMadrid 51-j\u00e4hrige Ingenieur, ernannte CEO Generaldirektor Vorstand der Gruppe Milch Pascual, die Operationen der Gesch\u00e4ftsleitung Essen zu \u00fcbernehmen: die Lieferkette, die kommerziellen Funktion in seiner Gesamtheit, marketing, Personalwesen, die Kontrolle \u00fcber das Management von Unternehmen und Informations- und Kommunikationstechnologien. <\/p>\n<p>Ignacio GARCIA-Cano trat Milch Pascual nach dreizehn Jahren bei Johnson &amp; Johnson Verbraucher, dienen als Pr\u00e4sident und CEO von Johnson &amp; Johnson Spanien verantwortlich Chief f\u00fcr S\u00fcdeuropa. Zuvor besetzte er verschiedene Positionen bei Procter &amp; Gamble seit f\u00fcnfzehn Jahren. Er betont seine breite internationale Profil, mit mehr als die H\u00e4lfte seiner beruflichen Laufbahn au\u00dferhalb von Spanien (USA, Br\u00fcssel, Genf und Lissabon). <\/p>\n<p>An der Spitze der alle Familie Holding, Tom\u00e1s Pascual Gomez-Cu\u00e9tara, Managing Director der Corporaci\u00f3n Empresarial Pascual und Vorsitzender der Gruppe Milch Pascual, wird die internationale Entwicklung der Gruppe, Konsolidierung ihrer F\u00fchrung, ihre strategische Positionierung und das Wachstum der \u00fcbrigen Unternehmen der Corporation. Erh\u00f6hung <\/p>\n<p>Mit dem Zusatz von Ignacio GARCIA-Cano, Gruppe Milch Pascual schlie\u00dft eine grundlegende F\u00fchrung \u00dcberg\u00e4nge zu einem Management-Modell der Beteiligung und Team, pflegen die Essenz des Business-Plans, der identifiziert: Vision, Mission und Werte. <\/p>\n<p><strong>Gruppe Milch Pascual<\/strong> <\/p>\n<p>Gruppe Milch Pascual, hundert Prozent Familie, f\u00fchrt der Firma Qualit\u00e4t und Innovation in der Nahrung, begann seine Karriere 1969 und hat bereits mit einer Reichweite von mehr als 200 Produkte, 7 Pflanzen, 20 Delegationen und 2.500 Mitarbeiter. Seine Hauptt\u00e4tigkeit ist die Vorbereitung und Verpackung von Milch, Joghurt und andere Milchprodukte, Fruchts\u00e4fte, Mineralwasser, Getr\u00e4nke und andere Produkte auf Basis von Soja, Ultra-Pasteurizado fl\u00fcssig-Ei und Tortillas. <\/p>\n<p><\/font><\/p>\n","protected":false},"excerpt":{"rendered":"<p>Ignacio GARCIA-Cano trat Gruppe Milch Pascual als CEO Generaldirektor Executive. -mit umfangreicher Erfahrung in Konsumg\u00fctern Unternehmen, Garcia-Cano managt die Gesch\u00e4ftst\u00e4tigkeit der Gesellschaft Essen -Tom\u00e1s Pascual Gomez-Cu\u00e9tara, CEO von der Business Corporation Pascual und Vorsitzender der Gruppe Milch Pascual, wird die Entwicklung von strategischen und internationalen Erh\u00f6hung Madrid, Januar 2012 &#8211; Ignacio GARCIA-Cano SalgadoMadrid 51-j\u00e4hrige Ingenieur, [&hellip;]<\/p>\n","protected":false},"author":1,"featured_media":0,"comment_status":"close","ping_status":"open","sticky":false,"template":"","format":"standard","meta":{"footnotes":""},"categories":[3],"tags":[10701,10699,10698,10700],"class_list":["post-3142","post","type-post","status-publish","format-standard","hentry","category-allgemeine","tag-ceo","tag-garcia-cano","tag-rckenmarksverletzungen","tag-trat","et-doesnt-have-format-content","et_post_format-et-post-format-standard"],"_links":{"self":[{"href":"https:\/\/www.best-dentist-dentistry.com\/de\/wp-json\/wp\/v2\/posts\/3142","targetHints":{"allow":["GET"]}}],"collection":[{"href":"https:\/\/www.best-dentist-dentistry.com\/de\/wp-json\/wp\/v2\/posts"}],"about":[{"href":"https:\/\/www.best-dentist-dentistry.com\/de\/wp-json\/wp\/v2\/types\/post"}],"author":[{"embeddable":true,"href":"https:\/\/www.best-dentist-dentistry.com\/de\/wp-json\/wp\/v2\/users\/1"}],"replies":[{"embeddable":true,"href":"https:\/\/www.best-dentist-dentistry.com\/de\/wp-json\/wp\/v2\/comments?post=3142"}],"version-history":[{"count":0,"href":"https:\/\/www.best-dentist-dentistry.com\/de\/wp-json\/wp\/v2\/posts\/3142\/revisions"}],"wp:attachment":[{"href":"https:\/\/www.best-dentist-dentistry.com\/de\/wp-json\/wp\/v2\/media?parent=3142"}],"wp:term":[{"taxonomy":"category","embeddable":true,"href":"https:\/\/www.best-dentist-dentistry.com\/de\/wp-json\/wp\/v2\/categories?post=3142"},{"taxonomy":"post_tag","embeddable":true,"href":"https:\/\/www.best-dentist-dentistry.com\/de\/wp-json\/wp\/v2\/tags?post=3142"}],"curies":[{"name":"wp","href":"https:\/\/api.w.org\/{rel}","templated":true}]}}