{"id":3144,"date":"2012-01-16T18:03:46","date_gmt":"2012-01-16T18:03:46","guid":{"rendered":null},"modified":"-0001-11-30T00:00:00","modified_gmt":"-0001-11-30T00:00:00","slug":"the-conference-on-sustainability-of-the-health-system-organized-by-the-bamberg-foundation-amyts-calls-for-greater-participation-of-doctors-and-an-exclusive-negotiating-table","status":"publish","type":"post","link":"https:\/\/www.best-dentist-dentistry.com\/de\/the-conference-on-sustainability-of-the-health-system-organized-by-the-bamberg-foundation-amyts-calls-for-greater-participation-of-doctors-and-an-exclusive-negotiating-table\/3144","title":{"rendered":"Die Konferenz \u00fcber Nachhaltigkeit im Gesundheitswesen, organisiert von der Stiftung Bamberg, st\u00e4rkere Beteiligung von \u00c4rzten und ein exklusives Verhandlungstisch AMYTS fordert."},"content":{"rendered":"<p><strong>Konferenz \u00fcber Nachhaltigkeit im Gesundheitswesen, organisiert von der Fundaci\u00f3n Bamberg, AMYTS fordert st\u00e4rkere Beteiligung von \u00c4rzten und ein Verhandlungsmandat Tabelle exklusiv. <\/p>\n<p><\/strong><font size=\"2\"> <strong>die Aufmerksamkeit von Madrid, lokale, News, Gesundheit.<\/strong><\/p>\n<p> <strong>Spanien, Januar 2012 &#8211;<\/strong> letzten Mittwoch hatte in dem Palacio de Congresos von Madrid statt der  General Conference auf die Nachhaltigkeit der Gesundheitssysteme in Spanien &#8221;, organisiert von der Stiftung Bamberg. Schu\u00df von Kontakt Konvergenz zwischen alle \u00f6ffentlichen und privaten Akteure gegen\u00fcber einem gro\u00dfen Pakt Staat zu erleichtern, das ist nicht nur politische, sondern mu\u00df auch notwendig und im Grunde zivilen. Eine schriftliche oder stillschweigende Vereinbarung in dem Einbeziehung stark der Industrie, \u00c4rzte, Patienten, \u00f6ffentlichen Verwaltungen und Gesundheitsmanagern und, dass niemand ausgeschlossen oder diskriminiert f\u00fchlen kann. <\/p>\n<p>Die Konferenz hatte mehrere Interventionen. Unter ihnen, der Generalsekret\u00e4r der Association von \u00c4rzten und Titulados Superiores de Madrid (AMYTS), Juli\u00e1n Ezquerra Gadea, wuchs in Reform oder Neugr\u00fcndung erforderlichen des \u00f6ffentlichen Gesundheitswesens, innerhalb eines Rahmens von Qualit\u00e4t und das Eigenkapital der Dienste, die die Spanier finanzieren k\u00f6nnen ihre Nachhaltigkeit zu gew\u00e4hrleistenAMYTS ist der Auffassung, dass die Rolle der medizinischen Fachleuten, die die umfangreichste und vollst\u00e4ndigste Ausbildung gutgeschrieben einger\u00e4umt werden sollte, klinischen Praxis genehmigt den Profis vom am meisten entwickelten L\u00e4ndern, und die h\u00f6chsten Teil der Verantwortung \u00fcbernehmen. Zu diesem Zweck im Rahmen des SNS, richten sich die Bem\u00fchungen der AMYTS an: <\/p>\n<p> 1 \u00e4ndern die Strukturen der Governance und Teilnahme an \u00c4rzte f\u00fcr st\u00e4rkere Pr\u00e4senz und Beteiligung an Entscheidungsprozessen Zentren stellen Gesundheit. <\/p>\n<p>2 St\u00e4rkung partizipatorischen Adressen mit medizinische Kliniken als Management. beide Entscheidungen <\/p>\n<p>3 Festlegung eines Rahmens f\u00fcr die optionale direkte und einzigartige Beziehung mit der politischen \u00dcberbau der SNS. <\/p>\n<p>-k\u00f6nnen Sie den vollen Einbeziehung von Juli\u00e1n Ezquerra hier. <\/p>\n<p><\/font><\/p>\n","protected":false},"excerpt":{"rendered":"<p>Konferenz \u00fcber Nachhaltigkeit im Gesundheitswesen, organisiert von der Fundaci\u00f3n Bamberg, AMYTS fordert st\u00e4rkere Beteiligung von \u00c4rzten und ein Verhandlungsmandat Tabelle exklusiv. die Aufmerksamkeit von Madrid, lokale, News, Gesundheit. Spanien, Januar 2012 &#8211; letzten Mittwoch hatte in dem Palacio de Congresos von Madrid statt der General Conference auf die Nachhaltigkeit der Gesundheitssysteme in Spanien &#8221;, organisiert [&hellip;]<\/p>\n","protected":false},"author":1,"featured_media":0,"comment_status":"close","ping_status":"open","sticky":false,"template":"","format":"standard","meta":{"footnotes":""},"categories":[3],"tags":[10704,10706,10708,10705,10707,10703],"class_list":["post-3144","post","type-post","status-publish","format-standard","hentry","category-allgemeine","tag-bamberg","tag-exklusives","tag-fordert","tag-strkere","tag-verhandlungstisch","tag-wichtiges","et-doesnt-have-format-content","et_post_format-et-post-format-standard"],"_links":{"self":[{"href":"https:\/\/www.best-dentist-dentistry.com\/de\/wp-json\/wp\/v2\/posts\/3144","targetHints":{"allow":["GET"]}}],"collection":[{"href":"https:\/\/www.best-dentist-dentistry.com\/de\/wp-json\/wp\/v2\/posts"}],"about":[{"href":"https:\/\/www.best-dentist-dentistry.com\/de\/wp-json\/wp\/v2\/types\/post"}],"author":[{"embeddable":true,"href":"https:\/\/www.best-dentist-dentistry.com\/de\/wp-json\/wp\/v2\/users\/1"}],"replies":[{"embeddable":true,"href":"https:\/\/www.best-dentist-dentistry.com\/de\/wp-json\/wp\/v2\/comments?post=3144"}],"version-history":[{"count":0,"href":"https:\/\/www.best-dentist-dentistry.com\/de\/wp-json\/wp\/v2\/posts\/3144\/revisions"}],"wp:attachment":[{"href":"https:\/\/www.best-dentist-dentistry.com\/de\/wp-json\/wp\/v2\/media?parent=3144"}],"wp:term":[{"taxonomy":"category","embeddable":true,"href":"https:\/\/www.best-dentist-dentistry.com\/de\/wp-json\/wp\/v2\/categories?post=3144"},{"taxonomy":"post_tag","embeddable":true,"href":"https:\/\/www.best-dentist-dentistry.com\/de\/wp-json\/wp\/v2\/tags?post=3144"}],"curies":[{"name":"wp","href":"https:\/\/api.w.org\/{rel}","templated":true}]}}