{"id":31468,"date":"2012-12-24T02:36:27","date_gmt":"2012-12-24T02:36:27","guid":{"rendered":null},"modified":"-0001-11-30T00:00:00","modified_gmt":"-0001-11-30T00:00:00","slug":"extremadura-ui-calls-to-raise-taxes-to-ensure-public-health","status":"publish","type":"post","link":"https:\/\/www.best-dentist-dentistry.com\/de\/extremadura-ui-calls-to-raise-taxes-to-ensure-public-health\/31468","title":{"rendered":"extremadura ui calls to raise taxes to ensure public health"},"content":{"rendered":"<p class=\"first\"> M\u00e9rida, 6. Mai (EFE).-El Coordinador allgemeine de IU de Extremadura, Pedro Escobar, ha Afirmado Hoy Que hay Que Al Los Impuestos, Especialmente el de a la Renta ein las Personas F\u00edsicas (IRPF), Para Avanzar de la Subsistencia del Sistema Sanitario De La Comunidad Aut\u00f3noma.<\/p>\n<p>de un Art\u00edculo de Opini\u00f3n Publicado En &#8220;El Peri\u00f3dico Extremadura&#8221;, Escobar Explica Que IU Aboga Por &#8220;la Doble V\u00eda de Mejorar la Gesti\u00f3n y Aumentar la Financiaci\u00f3n&#8221;, y Que Rechaza la Merma de la Prestaci\u00f3n de Servicios y el Aumento De La Financiaci\u00f3n Mediante &#8220;el Copago\/Repago&#8221;, Lo.<\/p>\n<p>Por Aboga &#8220;Verteidiger el Sistema de Salud&#8221; a Trav\u00e9s de &#8220;la Modificaci\u00f3n al Alza De La Aportaci\u00f3n V\u00eda Impuestos y Especialmente, el IRPF&#8221;, eine lo Que Agrega Que &#8220;es el programa de IU&#8221;.<\/p>\n<p>Tambi\u00e9n Se\u00f1ala Que el Sistema tats\u00e4chliche Sanitario &#8220;Atraviesa Serias Dificultades&#8221; y Que &#8220;Nadie Quiere y Desde Luego IU Rotundamente Nein, Que el Sistema Se Debilite, Se Cierre o Pierda Sus Se\u00f1as de Identidad&#8221;.<\/p>\n<p>Aspirituelle als die &#8220;PSOE, jetzt in der Opposition lehnt K\u00fcrzungen&#8221;, w\u00e4hrend &#8220;PP, unter dem Vorwand des Zusammenbruchs des Systems, auf schneiden besteht&#8221;.<\/p>\n","protected":false},"excerpt":{"rendered":"<p>M\u00e9rida, 6. Mai (EFE).-El Coordinador allgemeine de IU de Extremadura, Pedro Escobar, ha Afirmado Hoy Que hay Que Al Los Impuestos, Especialmente el de a la Renta ein las Personas F\u00edsicas (IRPF), Para Avanzar de la Subsistencia del Sistema Sanitario De La Comunidad Aut\u00f3noma. de un Art\u00edculo de Opini\u00f3n Publicado En &#8220;El Peri\u00f3dico Extremadura&#8221;, Escobar [&hellip;]<\/p>\n","protected":false},"author":1,"featured_media":0,"comment_status":"close","ping_status":"open","sticky":false,"template":"","format":"standard","meta":{"footnotes":""},"categories":[3],"tags":[],"class_list":["post-31468","post","type-post","status-publish","format-standard","hentry","category-allgemeine","et-doesnt-have-format-content","et_post_format-et-post-format-standard"],"_links":{"self":[{"href":"https:\/\/www.best-dentist-dentistry.com\/de\/wp-json\/wp\/v2\/posts\/31468","targetHints":{"allow":["GET"]}}],"collection":[{"href":"https:\/\/www.best-dentist-dentistry.com\/de\/wp-json\/wp\/v2\/posts"}],"about":[{"href":"https:\/\/www.best-dentist-dentistry.com\/de\/wp-json\/wp\/v2\/types\/post"}],"author":[{"embeddable":true,"href":"https:\/\/www.best-dentist-dentistry.com\/de\/wp-json\/wp\/v2\/users\/1"}],"replies":[{"embeddable":true,"href":"https:\/\/www.best-dentist-dentistry.com\/de\/wp-json\/wp\/v2\/comments?post=31468"}],"version-history":[{"count":0,"href":"https:\/\/www.best-dentist-dentistry.com\/de\/wp-json\/wp\/v2\/posts\/31468\/revisions"}],"wp:attachment":[{"href":"https:\/\/www.best-dentist-dentistry.com\/de\/wp-json\/wp\/v2\/media?parent=31468"}],"wp:term":[{"taxonomy":"category","embeddable":true,"href":"https:\/\/www.best-dentist-dentistry.com\/de\/wp-json\/wp\/v2\/categories?post=31468"},{"taxonomy":"post_tag","embeddable":true,"href":"https:\/\/www.best-dentist-dentistry.com\/de\/wp-json\/wp\/v2\/tags?post=31468"}],"curies":[{"name":"wp","href":"https:\/\/api.w.org\/{rel}","templated":true}]}}