{"id":31506,"date":"2012-12-24T02:45:13","date_gmt":"2012-12-24T02:45:13","guid":{"rendered":null},"modified":"-0001-11-30T00:00:00","modified_gmt":"-0001-11-30T00:00:00","slug":"evo-morales-confirmed-that-correa-will-attend-monday-the-oas-assembly","status":"publish","type":"post","link":"https:\/\/www.best-dentist-dentistry.com\/de\/evo-morales-confirmed-that-correa-will-attend-monday-the-oas-assembly\/31506","title":{"rendered":"evo morales confirmed that correa will attend monday the oas assembly"},"content":{"rendered":"<p class=\"first\"> Cochabamba (Bolivien), 1 jun (EFE).-der Pr\u00e4sident von Bolivien, Evo Morales, best\u00e4tigte heute, dass der ecuadorianische Pr\u00e4sident, Rafael Correa, die 42 Assembly der OAS, die besuchen &#8220;Ern\u00e4hrungssicherung&#8221; diskutieren werden von Sonntag bis Dienstag in Cochabamba am Montag.<\/p>\n<p>Morales best\u00e4tigt den Besuch auf einer Ankunft in Cochabamba, Stunden nach Absenden Einladungsschreiben seiner ecuadorianischen, Kollegen, der nicht den j\u00fcngsten Gipfel Amerikas in der kolumbianischen Stadt Cartagena teilgenommen haben, denn es war nicht Kuba, die nicht in dieser Versammlung der OAS. sein<\/p>\n<p>&#8220;Tag Montag werden der Pr\u00e4sident der Republik Ecuador, Rafael Correa, Teilnahme an der Komplement\u00e4rin Schwester&#8221;, sagte Morales, die vor den Medien mit seinem Au\u00dfenminister David Choquehuanca. erschienen<\/p>\n<p>G\u00fcrtel He declined to attend the Summit of the Americas held in April in Cartagena, in protest at the exclusion of Cuba, but it showed his interest to participate in the Assembly of the OAS in Bolivia, in which nor will there be representatives of Havana, without that nobody has explained by what.<\/p>\n<p>the Ecuadorian ruler has accused several times to the OAS of being dominated by the United States and has been especially critical of the Inter-American Commission on human rights (IACHR), an autonomous body of the OAS whose status can be lowered in Cochabamba.<\/p>\n<p>the future of the IACHR will be discussed by Foreign Ministers or their representatives on Tuesday, on the fourth and last plenary session of the Assembly, after the &#8220;question of the Falkland Islands&#8221; and the &#8220;report on the maritime of Bolivia problem&#8221;, which lost a war with Chile that cost him the outlet to the Pacific.<\/p>\n<p> &lt; p&gt; Es ist sehr selten, dass ein Vertreter ein Termins von Continental Chancellors teilnehmen. EFE<\/p>\n","protected":false},"excerpt":{"rendered":"<p>Cochabamba (Bolivien), 1 jun (EFE).-der Pr\u00e4sident von Bolivien, Evo Morales, best\u00e4tigte heute, dass der ecuadorianische Pr\u00e4sident, Rafael Correa, die 42 Assembly der OAS, die besuchen &#8220;Ern\u00e4hrungssicherung&#8221; diskutieren werden von Sonntag bis Dienstag in Cochabamba am Montag. Morales best\u00e4tigt den Besuch auf einer Ankunft in Cochabamba, Stunden nach Absenden Einladungsschreiben seiner ecuadorianischen, Kollegen, der nicht den [&hellip;]<\/p>\n","protected":false},"author":1,"featured_media":0,"comment_status":"close","ping_status":"open","sticky":false,"template":"","format":"standard","meta":{"footnotes":""},"categories":[3],"tags":[],"class_list":["post-31506","post","type-post","status-publish","format-standard","hentry","category-allgemeine","et-doesnt-have-format-content","et_post_format-et-post-format-standard"],"_links":{"self":[{"href":"https:\/\/www.best-dentist-dentistry.com\/de\/wp-json\/wp\/v2\/posts\/31506","targetHints":{"allow":["GET"]}}],"collection":[{"href":"https:\/\/www.best-dentist-dentistry.com\/de\/wp-json\/wp\/v2\/posts"}],"about":[{"href":"https:\/\/www.best-dentist-dentistry.com\/de\/wp-json\/wp\/v2\/types\/post"}],"author":[{"embeddable":true,"href":"https:\/\/www.best-dentist-dentistry.com\/de\/wp-json\/wp\/v2\/users\/1"}],"replies":[{"embeddable":true,"href":"https:\/\/www.best-dentist-dentistry.com\/de\/wp-json\/wp\/v2\/comments?post=31506"}],"version-history":[{"count":0,"href":"https:\/\/www.best-dentist-dentistry.com\/de\/wp-json\/wp\/v2\/posts\/31506\/revisions"}],"wp:attachment":[{"href":"https:\/\/www.best-dentist-dentistry.com\/de\/wp-json\/wp\/v2\/media?parent=31506"}],"wp:term":[{"taxonomy":"category","embeddable":true,"href":"https:\/\/www.best-dentist-dentistry.com\/de\/wp-json\/wp\/v2\/categories?post=31506"},{"taxonomy":"post_tag","embeddable":true,"href":"https:\/\/www.best-dentist-dentistry.com\/de\/wp-json\/wp\/v2\/tags?post=31506"}],"curies":[{"name":"wp","href":"https:\/\/api.w.org\/{rel}","templated":true}]}}