{"id":31559,"date":"2012-12-24T03:33:54","date_gmt":"2012-12-24T03:33:54","guid":{"rendered":null},"modified":"-0001-11-30T00:00:00","modified_gmt":"-0001-11-30T00:00:00","slug":"the-labour-inspectorate-appointment-this-tuesday-to-the-mir-to-clarify-the-constraints-suffered-during-their-strike","status":"publish","type":"post","link":"https:\/\/www.best-dentist-dentistry.com\/de\/the-labour-inspectorate-appointment-this-tuesday-to-the-mir-to-clarify-the-constraints-suffered-during-their-strike\/31559","title":{"rendered":"Die Arbeitsaufsicht Ernennung zur MIR zu kl\u00e4ren, die &#8220;Constraints&#8221; am Dienstag erlitt w\u00e4hrend ihren Streik"},"content":{"rendered":"<p class=\"first\"> Vorwurf an den Vorstand der andalusischen zu sagen, dass &#8220;alles wegen der Zentralregierung im Konflikt der Bewohner ist&#8221;<\/p>\n<p>SEVILLA, 3 (EUROPA PRESS)<\/p>\n<p>Arbeit \u00dcberpr\u00fcfung in Sevilla zitiert diesen Dienstag auf mehrere Sprecher f\u00fcr den Koordinator der andalusischen Vertreter der internen Experten Einwohner (CAREIR) zu einer Begegnung, in dem offenbar werden auch mehrere Mitglieder der andalusischen Health Service (SAS), alle Dokumente \u00fcber die angebliche bereitstellen teilnehmen &#8220;Bedrohung und N\u00f6tigung&#8221; erhielt von dieser Gruppe, die unbefristeten Streik, wenn erf\u00fcllt bleibt 15 Tage ab Beginn der diese Arbeitslosigkeit.<\/p>\n<p>Alberto Amador, einer der Sprecher der CAREIR, die bei diesem Treffen anwesend sein wird, hat angek\u00fcndigt, Europa Press sagte, dass das Ereignis auf die 18.00 Uhr stattfinden wird Stunden im Hauptquartier von der Inspektion, die Regierung Weiter\u00fcbertragung der Plaza Spanien und Zweck werden bieten schriftlichen Dokumentation der angebliche Umwandlung von dieser Gruppe von den Machern des SAS, die aufzeichnen w\u00fcrde empfangen &#8220;per e-Mail &rsquo;.<\/p>\n<p>hat auch fortgeschrittene Bewohner zur\u00fcck um zu protestieren Dienstag gegen San Telmo Palace, Sitz der Exekutive Autonome, zeitgleich mit der Feier des Rates der Regierung, der Regierung des Board.<\/p>\n<p>in \u00e4hnlicher Weise wurden Fortschritte erzielt, dass medizinische Anlagen des Hospital Virgen del Roc\u00edo de Sevilla planen auch, erneut der ersten Stunde, um zu bestimmen, wie wird Mitglied des Streiks der MIR, die bereits ihre eigenen 24-Stunden-Abschaltungen festgelegt, geplant, der erste von ihnen, die am 10. Dezember beginnen und erstreckt sich bis 14 f\u00fcr die gleiche Woche.<\/p>\n<p>Macarena Lopez, Resident des vierten Jahres der Medizin der Familie und der Gemeinschaft im Bereich der Valme, wies auf Europa Press f\u00fcr seinen Teil, die Aufhebung sind Operationss\u00e4le und Konsultationen und die Notlage w\u00e4re mehr, reduziert &#8220;Wenn nicht weil wir Deckung Einwohner mit Boden-Anlagen oder ausdr\u00fccklich f\u00fcr boykottieren uns ein wenig Streik eingestellt&#8221;.<\/p>\n<p>nach eingedenk dessen, dass Anwohner kritisieren die &#8220;einseitige&#8221; Entscheidung durch die SAS entfernen sie 10 Arbeitsstunden wachen &#8220;und nicht einmal als b\u00f6rsennotierte Unternehmen angezeigt werden&#8221;, hat bestritten, dass die Bewohner &#8220;ein Gehalt von 24.000 bis 35.000 Euro netto pro Jahr haben&#8221;.<\/p>\n<p>in \u00e4hnlicher Weise hat bestritten, dass &#8220;alles Schuld der Zentralregierung ist&#8221;, nach darauf, dass jeder autonomen Gemeinschaft &#8220;als die 37,5 Stunden pro Woche in einer anderen Weise&#8221;.<\/p>\n","protected":false},"excerpt":{"rendered":"<p>Vorwurf an den Vorstand der andalusischen zu sagen, dass &#8220;alles wegen der Zentralregierung im Konflikt der Bewohner ist&#8221; SEVILLA, 3 (EUROPA PRESS) Arbeit \u00dcberpr\u00fcfung in Sevilla zitiert diesen Dienstag auf mehrere Sprecher f\u00fcr den Koordinator der andalusischen Vertreter der internen Experten Einwohner (CAREIR) zu einer Begegnung, in dem offenbar werden auch mehrere Mitglieder der andalusischen [&hellip;]<\/p>\n","protected":false},"author":1,"featured_media":0,"comment_status":"close","ping_status":"open","sticky":false,"template":"","format":"standard","meta":{"footnotes":""},"categories":[3],"tags":[41835],"class_list":["post-31559","post","type-post","status-publish","format-standard","hentry","category-allgemeine","tag-arbeitsaufsicht","et-doesnt-have-format-content","et_post_format-et-post-format-standard"],"_links":{"self":[{"href":"https:\/\/www.best-dentist-dentistry.com\/de\/wp-json\/wp\/v2\/posts\/31559","targetHints":{"allow":["GET"]}}],"collection":[{"href":"https:\/\/www.best-dentist-dentistry.com\/de\/wp-json\/wp\/v2\/posts"}],"about":[{"href":"https:\/\/www.best-dentist-dentistry.com\/de\/wp-json\/wp\/v2\/types\/post"}],"author":[{"embeddable":true,"href":"https:\/\/www.best-dentist-dentistry.com\/de\/wp-json\/wp\/v2\/users\/1"}],"replies":[{"embeddable":true,"href":"https:\/\/www.best-dentist-dentistry.com\/de\/wp-json\/wp\/v2\/comments?post=31559"}],"version-history":[{"count":0,"href":"https:\/\/www.best-dentist-dentistry.com\/de\/wp-json\/wp\/v2\/posts\/31559\/revisions"}],"wp:attachment":[{"href":"https:\/\/www.best-dentist-dentistry.com\/de\/wp-json\/wp\/v2\/media?parent=31559"}],"wp:term":[{"taxonomy":"category","embeddable":true,"href":"https:\/\/www.best-dentist-dentistry.com\/de\/wp-json\/wp\/v2\/categories?post=31559"},{"taxonomy":"post_tag","embeddable":true,"href":"https:\/\/www.best-dentist-dentistry.com\/de\/wp-json\/wp\/v2\/tags?post=31559"}],"curies":[{"name":"wp","href":"https:\/\/api.w.org\/{rel}","templated":true}]}}