{"id":31578,"date":"2012-12-24T03:37:12","date_gmt":"2012-12-24T03:37:12","guid":{"rendered":null},"modified":"-0001-11-30T00:00:00","modified_gmt":"-0001-11-30T00:00:00","slug":"prolonged-driving-can-produce-fatigue-musculoskeletal-visual-and-mental","status":"publish","type":"post","link":"https:\/\/www.best-dentist-dentistry.com\/de\/prolonged-driving-can-produce-fatigue-musculoskeletal-visual-and-mental\/31578","title":{"rendered":"L\u00e4ngerer Fahrt kann M\u00fcdigkeit des Bewegungsapparates, visuelle und geistige produzieren"},"content":{"rendered":"<p class=\"first\"> Sie sollte aufh\u00f6ren alle zwei Stunden oder weniger, dehnen und Hydrat<\/p>\n<p>MADRID, 7 (EUROPA PRESS)<\/p>\n<p>l\u00e4ngerer Fahrt kann produzieren Erm\u00fcdung des Bewegungsapparates, visuelle und geistige, als sagt das Mitglied der Gruppe der k\u00f6rperliche Bewegung und Gesundheit der spanischen Gesellschaft von Familie und Gemeinschaft (Semfyc), Doktor der Medizin Jos\u00e9 Miguel Bueno Ortiz anl\u00e4sslich der reichlich vorhandenen Autofahrten, die in diesen Tagen w\u00e4hrend der Br\u00fccke der Verfassung auftreten.<\/p>\n<p>&#8220;fahren ist \u00e4hnlich wie beim Arbeiten mit einem Computer, da Sie eine visuelle Erm\u00fcdung haben, die Auswirkungen in den R\u00fccken hat&#8221;, erkl\u00e4rt die Galen an Europa Press. aus seiner Sicht das Gehabe in diesem Sinne ist nicht das gleiche, w\u00e4hrend des Tages oder der Nacht zu fahren, und das ist, in dieser letzten Phase des Tages &#8220;Weitere Probleme auftreten wegen der Schwierigkeit der Versorgung&#8221;.<\/p>\n<p> &lt; p&gt; One of its effects is the sensation of blurred vision, &#8220;but it may be also due to a drop in voltage&#8221;, occurs fundamentally &#8220;by tiredness&#8221;. &#8220;accommodates the lens and pupil shrinks and expands by lights,&#8221; manifested.<\/p>\n<p>on the other hand, points out that mental fatigue is also an aspect to be considered. &#8220;It is not the same lead by the city in Freeway&#8221;, he says at the time indicating that &#8220;anxiety or problems are reflected back to the contract&#8221;.<\/p>\n<p>thus, this part of the body suffers in these circumstances of fatigue musculoskeletal, since &#8220;If the face is the mirror of the soul, the back is the thermometer,&#8221; says good Ortiz. According to its criteria, it looks affected &#8220;in the cervical and lumbar&#8221; by positions maintained at the steering wheel.<\/p>\n<p>therefore recommended to adapt the backrest of the Asiento y el Reposacabezas, Siendo Este \u00daltimo el Responsable a Menudo de &#8220;Los Dolores de Cuello&#8221;. En Cuanto a la Posici\u00f3n Que Debe Tener el Asiento, el Experto de Semfyc Apuesta Por un \u00c1ngulo de Entre 90 y 100 Grados y Porque las Rodillas Est\u00e9n de Una Posici\u00f3n &#8220;un poco M\u00e1s Alta Que las Caderas&#8221;.<\/p>\n<p>LA PERSONA CANSADA NO SE DA CUENTA DE QUE LO EST\u00c1<\/p>\n<p>Aunque Advierte de Que Todos Estos Efectos Depende De La Salud De La Espalda del Dirigent y de Su Forma F\u00edsica, Subraya Que la Fatiga Se Acumula &#8220;Cuantas M\u00e1s Horas Se Pasan al Volante y Si Se Toma Medicaci\u00f3n o Se ha Cogido el Coche Estando ya Cansado&#8221;. Para \u00e9l, el Cansancio &#8220;wichtigsten es el Problema&#8221; Porque Hace Que la Persona &#8220;kein Se de Cuenta de Que lo Est\u00e1&#8221;.<\/p>\n<p>Ante \u00e9l, el Experto Recomienda Parar Cada Dos Horas o Menos y Realizar Una Serie de Estiramientos e, &#8220;Incluso, Pruebas Como Seguir Una L\u00ednea Recta con Los Pies&#8221;. Lo, Considera &#8220;Importante&#8221; Estar Bien Hidratado y, &#8220;Si es posible, Conducir de D\u00eda&#8221;.<\/p>\n<p>   Por Su Parte, Las Personas Que Realicen un Viaje, Aunque kein Conduzcan, Tambi\u00e9n deben Hacer Una Serie de Movimientos con Los Brazos y Las Piernas Para Evitar el Cansancio Que va Acumul\u00e1ndose. Todo Ello Debe Ser erweiterbare al Momento de Llegada al Destino, de el Que Los Estiramientos &#8220;Permiten Mantener el Rango articular y Evitar Contracturas&#8221; und Observa Bueno Ortiz.<\/p>\n<p>Alguien Que Sabe lo Que es Conducir de Manera Prolongada y, Lo, which es el Taxista Antonio Vallejo, Asegura Que ein Europa Press &#8220;Cuanto M\u00e1s Horas Se conduce, M\u00e1s Salud Se Pierde&#8221; Que. ein Su Juicio, al Igual Que Para el Galeno, la Parte del Cuerpo Que M\u00e1s Se Resiente al Conducir Muchas Horas &#8220;Sohn Las Lumbares&#8221;.<\/p>\n<p>Vallejo, Que Lleva al Volante de Su Veh\u00edculo Desde Hace Casi 20 A\u00f1os de la Ciudad de Granada y Que conduce Hasta einmal Horas Cada D\u00eda, Tambi\u00e9n Afirma Tener Afectadas &#8220;Las Rodillas y la Vista&#8221;. &#8220;Por la Noche es Cuando Veo Peor&#8221;, Explica.<\/p>\n<p>Por zuletzt, die Taxifahrer weist darauf hin, dass es &#8220;aus den f\u00fcnf oder sechs Stunden Fahrt&#8221; ist wenn er beginnt, die ersten Symptome auftreten. Allerdings best\u00e4tigt, dass es nie Verletzungen gehabt hat, die es von der Aus\u00fcbung seiner Arbeitsstatus verhindert hat.<\/p>\n","protected":false},"excerpt":{"rendered":"<p>Sie sollte aufh\u00f6ren alle zwei Stunden oder weniger, dehnen und Hydrat MADRID, 7 (EUROPA PRESS) l\u00e4ngerer Fahrt kann produzieren Erm\u00fcdung des Bewegungsapparates, visuelle und geistige, als sagt das Mitglied der Gruppe der k\u00f6rperliche Bewegung und Gesundheit der spanischen Gesellschaft von Familie und Gemeinschaft (Semfyc), Doktor der Medizin Jos\u00e9 Miguel Bueno Ortiz anl\u00e4sslich der reichlich vorhandenen [&hellip;]<\/p>\n","protected":false},"author":1,"featured_media":0,"comment_status":"close","ping_status":"open","sticky":false,"template":"","format":"standard","meta":{"footnotes":""},"categories":[3],"tags":[41852],"class_list":["post-31578","post","type-post","status-publish","format-standard","hentry","category-allgemeine","tag-bewegungsapparates","et-doesnt-have-format-content","et_post_format-et-post-format-standard"],"_links":{"self":[{"href":"https:\/\/www.best-dentist-dentistry.com\/de\/wp-json\/wp\/v2\/posts\/31578","targetHints":{"allow":["GET"]}}],"collection":[{"href":"https:\/\/www.best-dentist-dentistry.com\/de\/wp-json\/wp\/v2\/posts"}],"about":[{"href":"https:\/\/www.best-dentist-dentistry.com\/de\/wp-json\/wp\/v2\/types\/post"}],"author":[{"embeddable":true,"href":"https:\/\/www.best-dentist-dentistry.com\/de\/wp-json\/wp\/v2\/users\/1"}],"replies":[{"embeddable":true,"href":"https:\/\/www.best-dentist-dentistry.com\/de\/wp-json\/wp\/v2\/comments?post=31578"}],"version-history":[{"count":0,"href":"https:\/\/www.best-dentist-dentistry.com\/de\/wp-json\/wp\/v2\/posts\/31578\/revisions"}],"wp:attachment":[{"href":"https:\/\/www.best-dentist-dentistry.com\/de\/wp-json\/wp\/v2\/media?parent=31578"}],"wp:term":[{"taxonomy":"category","embeddable":true,"href":"https:\/\/www.best-dentist-dentistry.com\/de\/wp-json\/wp\/v2\/categories?post=31578"},{"taxonomy":"post_tag","embeddable":true,"href":"https:\/\/www.best-dentist-dentistry.com\/de\/wp-json\/wp\/v2\/tags?post=31578"}],"curies":[{"name":"wp","href":"https:\/\/api.w.org\/{rel}","templated":true}]}}