{"id":31589,"date":"2012-12-24T03:38:20","date_gmt":"2012-12-24T03:38:20","guid":{"rendered":null},"modified":"-0001-11-30T00:00:00","modified_gmt":"-0001-11-30T00:00:00","slug":"medical-specialists-are-modelled-on-its-third-week-of-strikes-monday-to-ask-for-the-withdrawal-of-sanitary-measures","status":"publish","type":"post","link":"https:\/\/www.best-dentist-dentistry.com\/de\/medical-specialists-are-modelled-on-its-third-week-of-strikes-monday-to-ask-for-the-withdrawal-of-sanitary-measures\/31589","title":{"rendered":"medical specialists are modelled on its third week of strikes monday to ask for the withdrawal of sanitary measures"},"content":{"rendered":"<p class=\"first\"> MADRID, 08 (EUROPA PRESS)<\/p>\n<p>die optionalen Spezialisten Madrid Association (Afem) wird Montag seine dritte Woche des unbefristeten Streik der Volksgesundheit \u00c4rzte Madrid zu fordern die R\u00fccknahme des Prozesses der Externalisierung von mehreren Gesundheit Zentren Plan der regionalen Regierung 2013 fortgesetzt.<\/p>\n<p>wie von Afem erl\u00e4utert, am vergangenen Donnerstag, um zeitgleich mit dem Tag der spanischen Verfassung, ist Desconvoco des Streiks geplant f\u00fcr diesen Tag, da das Personal die Mindestleistungen entsprechen, gibt es jeden Sonntag oder festliche.<\/p>\n<p>so verstanden, dass der Streik unbemerkt w\u00fcrde und es w\u00fcrde weiter steigende Kosten f\u00fcr diejenigen, die es unterst\u00fctzen, so dass es fortgesetzt wird dieser Montag. denselben Quellen von Europa Press konsultiert hat bekr\u00e4ftigt, dass ihren Streik unbefristet ist und wird beibehalten, bis der Konflikt. behoben ist<\/p>\n<p>Zusatzim Laufe der Woche hat Afem Konzentrationen w\u00e4hrend der Feier der Paros zu besuchen und wird geplant haben eine besondere Pr\u00e4senz in den Krankenh\u00e4usern, die mit dem Outsourcing Management bzw. \u00c4nderung des Management-Modell &#8220;bedroht&#8221; sind, wie es, der Fall f\u00fcr das Hospital Infanta Leonor und Carlos III sein kann.<\/p>\n<p>in die neuesten Termine Afem sch\u00e4tzt die kollektive Gesundheit hat abgeordnet um 77 Prozent dem unbefristeten Streik f\u00fcr dieses Kollektiv. w\u00e4hrend der Gewerkschaften der sektoralen Tabelle, die angezeigt die Beteiligung von den letzten zwei Tagen des Streiks, die vergangenen Dienstag einberufen und Mittwoch Rondo 90 Prozent der pers\u00f6nlichen Gesundheit.<\/p>\n<p>seinerseits das Gesundheitsministerium sch\u00e4tzt die globale \u00dcberwachung des Streiks am Mittwoch von 16,67 Prozent der Gesamtbelegschaft, als an Europa Press, erkl\u00e4rte ein Sprecher der Abteilung der Javier Fern\u00e1ndez leitet-Lasquetty.<\/p>\n<p>speziellGesundheit berechnet, dass die Beteiligung der Grundversorgung Personal im Laufe des Tages von 22.35 % w\u00e4hrend der Prozentsatz war die 15,55 Prozent unter den Besch\u00e4ftigten in Krankenh\u00e4usern fallen gelassen.<\/p>\n","protected":false},"excerpt":{"rendered":"<p>MADRID, 08 (EUROPA PRESS) die optionalen Spezialisten Madrid Association (Afem) wird Montag seine dritte Woche des unbefristeten Streik der Volksgesundheit \u00c4rzte Madrid zu fordern die R\u00fccknahme des Prozesses der Externalisierung von mehreren Gesundheit Zentren Plan der regionalen Regierung 2013 fortgesetzt. wie von Afem erl\u00e4utert, am vergangenen Donnerstag, um zeitgleich mit dem Tag der spanischen Verfassung, [&hellip;]<\/p>\n","protected":false},"author":1,"featured_media":0,"comment_status":"close","ping_status":"open","sticky":false,"template":"","format":"standard","meta":{"footnotes":""},"categories":[3],"tags":[],"class_list":["post-31589","post","type-post","status-publish","format-standard","hentry","category-allgemeine","et-doesnt-have-format-content","et_post_format-et-post-format-standard"],"_links":{"self":[{"href":"https:\/\/www.best-dentist-dentistry.com\/de\/wp-json\/wp\/v2\/posts\/31589","targetHints":{"allow":["GET"]}}],"collection":[{"href":"https:\/\/www.best-dentist-dentistry.com\/de\/wp-json\/wp\/v2\/posts"}],"about":[{"href":"https:\/\/www.best-dentist-dentistry.com\/de\/wp-json\/wp\/v2\/types\/post"}],"author":[{"embeddable":true,"href":"https:\/\/www.best-dentist-dentistry.com\/de\/wp-json\/wp\/v2\/users\/1"}],"replies":[{"embeddable":true,"href":"https:\/\/www.best-dentist-dentistry.com\/de\/wp-json\/wp\/v2\/comments?post=31589"}],"version-history":[{"count":0,"href":"https:\/\/www.best-dentist-dentistry.com\/de\/wp-json\/wp\/v2\/posts\/31589\/revisions"}],"wp:attachment":[{"href":"https:\/\/www.best-dentist-dentistry.com\/de\/wp-json\/wp\/v2\/media?parent=31589"}],"wp:term":[{"taxonomy":"category","embeddable":true,"href":"https:\/\/www.best-dentist-dentistry.com\/de\/wp-json\/wp\/v2\/categories?post=31589"},{"taxonomy":"post_tag","embeddable":true,"href":"https:\/\/www.best-dentist-dentistry.com\/de\/wp-json\/wp\/v2\/tags?post=31589"}],"curies":[{"name":"wp","href":"https:\/\/api.w.org\/{rel}","templated":true}]}}