{"id":31706,"date":"2012-12-25T02:41:00","date_gmt":"2012-12-25T02:41:00","guid":{"rendered":null},"modified":"-0001-11-30T00:00:00","modified_gmt":"-0001-11-30T00:00:00","slug":"basque-government-will-guarantee-access-to-health-care-to-groups-that-are-excluded-by-cuts","status":"publish","type":"post","link":"https:\/\/www.best-dentist-dentistry.com\/de\/basque-government-will-guarantee-access-to-health-care-to-groups-that-are-excluded-by-cuts\/31706","title":{"rendered":"basque government will guarantee access to health care to groups that are excluded by cuts"},"content":{"rendered":"<p class=\"first\"> Osalde, die Gesellschaft f\u00fcr das Recht auf Gesundheit, wirft &#8220;ethische Abfragen Einwand&#8221; auf das <span class=\"yshortcuts\" id=\"lw_1337275726_5\"> K\u00f6nigliche Dekret<\/span> von <span class=\"yshortcuts\" id=\"lw_1337275726_2\"> Gesundheit<\/span><\/p>\n<p>BILBAO, 17 (EUROPA PRESS)<\/p>\n<p>die <span class=\"yshortcuts\" id=\"lw_1337275726_7\"> baskische Regierung<\/span> wird daf\u00fcr sorgen, im Rahmen der <span class=\"yshortcuts\" id=\"lw_1337275726_3\"> Autonomiestatut<\/span>, Qualit\u00e4t im Gesundheitswesen gleich Bedingungen f\u00fcr den Zugang zu diesen Gruppen, die nach der Annahme des Legislativdekretes Royal 16\/2012 durch das Abgeordnetenhaus, ist von der Abdeckung des Gesundheitswesens, ausgenommen, da er zugesichert hat, der stellvertretende Minister f\u00fcr Gesundheit, Jes\u00fas Mar\u00eda Fern\u00e1ndez.<\/p>\n<p>Fernandez trafen sich am Donnerstag in Bilbao mit Vertreter der verschiedenen kollektiven (Migranten, Menschen mit Behinderungen, Jugendliche, Frauen und chronisch Kranke) die abgeschnittenen sehen konnte ihre Rechte durch Bestimmungen des k\u00f6niglichen Dekret des Ministeriums f\u00fcr Gesundheit, die K\u00fcrzungen im Gesundheitswesen umfasst worauf in Pressekonferenz erschienen ist begleitet von Direktor des Emakunde, Mar\u00eda Silvestre, f\u00fcr Kompromisse Gesundheitsversorgung Abdeckung &#8220;universellen&#8221; alle Personen, die in Euskadi.<\/p>\n<p>Fern\u00e1ndez eine institutionelle Erkl\u00e4rung, in der es behauptet wird, dass unter dem Deckmantel der &#8220;Sicherung der Tragf\u00e4higkeit der des \u00f6ffentlichen Gesundheitswesens&#8221;, k\u00f6nigliches Dekret Donnerstag angenommen &#8220;beschr\u00e4nkt Gesundheitsf\u00fcrsorge f\u00fcr zahlreiche Gruppen, wie junge Menschen im Alter von weniger als 65 Prozent, Einwanderer in irregul\u00e4rer Situation oder Exconyuges, die keine versichert sind 26, Behinderten&#8221; gelesen hat.<\/p>\n<p> < p&gt; Diese kollektive, erinnert an der Text, leistet einen Beitrag \u00fcber die Zahlung der entsprechenden Leistungen, wenn sie wollen Zugang zum Schutz der Gesundheit.<\/p>\n<p>El Gobierno Vasco, kontinuierliche Erkl\u00e4rung, &#8220;kennt die Bedeutung der Umsetzung der Ma\u00dfnahmen zur Haushaltskonsolidierung durchzuf\u00fchren, aber akzeptiert nicht, dass dies auf Kosten der Zugang zu wesentlichen \u00f6ffentlichen Dienstleistungen, die einen zum sozialen Zusammenhalt und Respekt f\u00fcr die Rechte und die w\u00fcrde des Menschen Beitrag zu untergraben.<\/p>\n<p>daher f\u00fcgt hinzu,&#8221; Wir garantieren, wir werden keinen Schritt r\u00fcckw\u00e4rts in die Garantie dieser Rechte im Rahmen der Satzung der Autonomie, &#8220;und&#8221; ausgerechnet im Baskenland sind weiterhin eine hochwertiger Versorgung zu gleichen Bedingungen in Ihrem Zugriff haben wollen&#8221;die.<\/p>\n<p>Vizeminister hat das Engagement der betont die Basque Government give &#8220;health care coverage of the complete portfolio of services&#8221; and pointed out that, &#8220;another thing is that the health card that we are going to give these people who are outside the Royal Decree Law is a valid card outside Osakidetza, logically there we are under the Spanish legal framework and have no possibility to go beyond our own borders&#8221;.<\/p>\n<p>data<\/p>\n<p>Fernandez pointed out that, in Euskadi, there are 22,000 registered foreign citizens who has no residence permit, so with the Royal Decree Law would be excluded from assistance health.<\/p>\n<p>also pointed out that this Decree also affects other groups, such as all those people who are not contributors to Social security or they have been in the past but they are unemployed, they do not have the status of beneficiary of a third person, those younger than 26 years old, not those who have a higher than the 65 percent. another collective affected disability, has pointed out, is of divorced persons or in separation process who don&rsquo;t have never quoted and not access his first employment.<\/p>\n<p>Fernandez has claimed that, according to the database of Lanbide, there are 21,500 people in demand for their first job, of which 13,500 are also older than 26 years., there are 800 people divorced or in a situation of legal separation, which are also demanded his first employment. they are joined 3,500 plaintiffs of his first work that has some degree of disability and who have not accessed any employment with previously.<\/p>\n<p>has therefore warned, &#8220;we are talking about several thousand people, but which reflect only a part of the society, because they are jene Leute, dass sie in Besch\u00e4ftigung Nachfrage registriert sind und es viel mehr von diesen verschiedenen g\u00e4be Gruppen, die f\u00fcr die Gr\u00fcnde, die sind, haben nicht einmal wurden in Lanbide als Arbeitsuchende.<\/p>\n<p>Fernandez hat auch kritisiert, da\u00df es &#8220;verwirrend \u00d6ffentlichkeit, versucht diese Ausschl\u00fcsse der Gesundheit rechtfertigen care&#8221; behauptet, dass &#8220;ist ein Gesundheits-Tourismus des Europ\u00e4ischen Menschen oder nicht, die kommen nach Spanien, um die Gesundheitsversorgung, erhalten, wenn sie unter soziale Sicherheit in Ihrem Land fallen&#8221;, wenn die L\u00f6sung in diesem Fall ist &#8220;sehr einfach: Informationen und Abrechnung der autonomen Systeme f\u00fcr diese Dienste kostenlos zu verbessern &rsquo;.<\/p>\n<p>hat auch zensiert wird argumentiert, dass ausl\u00e4ndische B\u00fcrger tun&#8221; Gebrauch und Missbrauch der Hilfe Gesundheit Spitze der Spanier&#8221;, wann, nach Daten, die dazu beigetragen hat, die zugewanderten Bev\u00f6lkerung&#8221;beachtet die Gesundheitszentren durchschnittlich 6,4 mal Jahr, gegen 11,1 mal spanische B\u00fcrger und Immigranten stellen ein Konsum von Drogen der B\u00fcrger Ausl\u00e4nder ist 96.5 Euro pro Jahr und die Spanier von 446 Euro&#8221;.<\/p>\n<p>Fern\u00e1ndez hat erkannt, dass&#8221; der single Point of Aufmerksamkeit wo st\u00e4rkere Nutzung von Gesundheitsdienstleistungen von ausl\u00e4ndischen Staatsangeh\u00f6rigen ist bei Notf\u00e4llen, 16 Prozent mehr &#8220;.<\/p>\n<p>aus seiner Sicht wird die Anwendung des K\u00f6niglichen Dekrets produzieren ein&#8221; \u00dcberbeanspruchung von Notf\u00e4llen durch die Ausl\u00e4nder die Krankenversicherung erhalten sie einzelne ist die Versorgung im Notfall, mit den Problemen, die das Schlimmste generieren &#8220;die Kontrolle von Krankheiten, der S\u00e4ttigung der Dringlichkeiten und h\u00f6here Kosten f\u00fcr die Bereitstellung von Gesundheitsdiensten f\u00fcr diese Population&#8221;.<\/p>\n<p>&rsquo; Einwand Ethik &rsquo;<\/p>\n<p>auf der anderen Seite, der Pr\u00e4sident der Osalde (Verein f\u00fcr das Recht auf Gesundheit), Juan Luis Ur\u00eda, erkl\u00e4rte, dass seit Osalde zu verschiedenen Berufsgruppen beschworen haben, ausl\u00f6sen &#8220;in festen ethischen Einwand an den Konsultationen&#8221; auf das K\u00f6nigliche Dekret von Gesundheit.<\/p>\n<p>&#8220;Pass auf jeden Fall auf der institutionellen Ebene, gew\u00e4hrleistet oder garantiert nicht auf der institutionellen Ebene, Berufsgruppen ben\u00f6tigen Arbeit mit normalen Arztkonsultation Humanismus und die \u00fcblichen Ethik der Arbeit im Chorumgang, Gesundheitszentren und Krankenh\u00e4usern der Osakidetza,&#8221; sagte hat.<\/p>\n<p>in diesem Sinne hat darauf hingewiesen, dass sie sich daf\u00fcr bereits positioniert haben &#8220;ethische Einw\u00e4nde, unter anderem der Familienmedizin Society, Osalde und die Vereinigung der Gemeinschaft der Krankenpflege. Hat auch gesagt, dass wir diesen Einwand an den Hochschulen der \u00c4rzte, Apotheker, Physiotherapeuten und Krankenschwestern sprechen.<\/p>\n","protected":false},"excerpt":{"rendered":"<p>Osalde, die Gesellschaft f\u00fcr das Recht auf Gesundheit, wirft &#8220;ethische Abfragen Einwand&#8221; auf das K\u00f6nigliche Dekret von Gesundheit BILBAO, 17 (EUROPA PRESS) die baskische Regierung wird daf\u00fcr sorgen, im Rahmen der Autonomiestatut, Qualit\u00e4t im Gesundheitswesen gleich Bedingungen f\u00fcr den Zugang zu diesen Gruppen, die nach der Annahme des Legislativdekretes Royal 16\/2012 durch das Abgeordnetenhaus, ist [&hellip;]<\/p>\n","protected":false},"author":1,"featured_media":0,"comment_status":"close","ping_status":"open","sticky":false,"template":"","format":"standard","meta":{"footnotes":""},"categories":[3],"tags":[],"class_list":["post-31706","post","type-post","status-publish","format-standard","hentry","category-allgemeine","et-doesnt-have-format-content","et_post_format-et-post-format-standard"],"_links":{"self":[{"href":"https:\/\/www.best-dentist-dentistry.com\/de\/wp-json\/wp\/v2\/posts\/31706","targetHints":{"allow":["GET"]}}],"collection":[{"href":"https:\/\/www.best-dentist-dentistry.com\/de\/wp-json\/wp\/v2\/posts"}],"about":[{"href":"https:\/\/www.best-dentist-dentistry.com\/de\/wp-json\/wp\/v2\/types\/post"}],"author":[{"embeddable":true,"href":"https:\/\/www.best-dentist-dentistry.com\/de\/wp-json\/wp\/v2\/users\/1"}],"replies":[{"embeddable":true,"href":"https:\/\/www.best-dentist-dentistry.com\/de\/wp-json\/wp\/v2\/comments?post=31706"}],"version-history":[{"count":0,"href":"https:\/\/www.best-dentist-dentistry.com\/de\/wp-json\/wp\/v2\/posts\/31706\/revisions"}],"wp:attachment":[{"href":"https:\/\/www.best-dentist-dentistry.com\/de\/wp-json\/wp\/v2\/media?parent=31706"}],"wp:term":[{"taxonomy":"category","embeddable":true,"href":"https:\/\/www.best-dentist-dentistry.com\/de\/wp-json\/wp\/v2\/categories?post=31706"},{"taxonomy":"post_tag","embeddable":true,"href":"https:\/\/www.best-dentist-dentistry.com\/de\/wp-json\/wp\/v2\/tags?post=31706"}],"curies":[{"name":"wp","href":"https:\/\/api.w.org\/{rel}","templated":true}]}}