{"id":31793,"date":"2012-12-25T03:36:00","date_gmt":"2012-12-25T03:36:00","guid":{"rendered":null},"modified":"-0001-11-30T00:00:00","modified_gmt":"-0001-11-30T00:00:00","slug":"fundau-bbva-climate-change-keys-to-good-writing","status":"publish","type":"post","link":"https:\/\/www.best-dentist-dentistry.com\/de\/fundau-bbva-climate-change-keys-to-good-writing\/31793","title":{"rendered":"fundau bbva climate change keys to good writing"},"content":{"rendered":"<p class=\"first\"> Madrid, 3 Dic (EFE).-Con Motivo De La Villa De La Cumbre Sobre el Cambio Clim\u00e1tico de Doha (Catar), la Fundaci\u00f3n del Espa\u00f1ol Urgente (Fund\u00e9u BBVA) Ofrece de Su Recomendaci\u00f3n del D\u00eda Algunas Claves Para Una Buena Redacci\u00f3n de las Noticias Relativas a Este Acontecimiento.<\/p>\n<p>-&#8220;Conferencia de las Naciones Unidas Sobre Cambio Clim\u00e1tico&#8221; es el Nombre Oficial de Esta Reuni\u00f3n, a la Que Los Medios Suelen Denominar Tambi\u00e9n &#8220;Cumbre Sobre el Cambio Clim\u00e1tico&#8221; o &#8220;Cumbre del Clima&#8221;, Fernando Que Se Escriben de Min\u00fascula al no Tratarse del Nombre Oficial.<\/p>\n<p>-La Sigla &#8220;COP&#8221;, Con la Que Tambi\u00e9n Se Alude ein Estos Encuentros Anuales Corresponde a la Conferencia de las Partes De La Convenci\u00f3n Marco de las Naciones Unidas Sobre Cambio Clim\u00e1tico y, Aunque Viene del Ingl\u00e9s &#8220;Conference of Parts&#8221;, Su uso Est\u00e1 Asentado Tambi\u00e9n En Castellano. Se le A\u00f1ade el N\u00famero De La Edici\u00f3n Correspondiente de Este Caso la Decimoctava, Por lo Que la tats\u00e4chliche Se Denomina COP18.<\/p>\n<p> < p&gt;-das Akronym f\u00fcr das Rahmen\u00fcbereinkommen der Vereinten Nationen \u00fcber Klima\u00e4nderungen ist \"UNFCCC\" (nicht \"UNFCCC\", die englische Form entspricht).<\/p>\n<p>-der Termin findet in Doha (sprich mit einer Hache gesaugt zwischen zwei Vokalen), Kapital Stadt von Qatar. Dies ist der Weg, die empfiehlt die &rsquo; Schreibweise der spanischen Sprache &#8220;zum Verweisen auf das Land dessen Name traditionell steht&#8221;Katar&#8221;. die Volksbezeichnung f\u00fcr das Land ist&#8221; Catari &#8220;(plural&#8221; cataries&#8221;).<\/p>\n<p>-die Schreibweisen empfohlen f\u00fcr der Pr\u00e4sident und der general-Koordinator der COP18 Namen, bzw. sind&#8221;Abdullah ibn Hamad Al die Atiya &#8220;und&#8221; Abdulaziz bin Ahmed Al die Malki&#8221;.<\/p>\n<p>-Einigung 1997 zur Reduzierung der C02-Emissionen ist das Protokoll von Kyoto. Dies ist die Transkription, die Spanier mit dem Namen der japanischen Stadt.<\/p>\n<p>&#8211; Ist es besser, &#8220;Umwelt&#8221; in einem Wort zu schreiben, obwohl die &rsquo;Umwelt&rsquo; Form auch akzeptiert wird. seine abgeleitete Adjektiv ist &#8220;Umwelt&#8221;, die in einem einzigen Wort geschrieben ist<\/p>\n<p>-&#8220;nachhaltig&#8221; und &#8220;nachhaltig&#8221; Adjektive (die erste in Spanien und die zweite am weitesten verbreiteten am h\u00e4ufigsten in Amerika) sind g\u00fcltig zum Verweisen auf das Entwicklungsmodell bewusst von der Notwendigkeit nicht ersch\u00f6pfen die Ressourcen.<\/p>\n<p>-das Wort &#8220;gr\u00fcn&#8221;, mit der Bedeutung, die im Zusammenhang mit der \u00d6kologie oder nat\u00fcrlich, wird geschrieben in Runde und nicht in Kursivschrift oder Anf\u00fchrungszeichen angezeigt wird, zahlreiche Medien, da es ein neuer Sinn f\u00fcr dieses Wort ist.<\/p>\n<p>-&#8220;Desertifikation&#8221; und &#8220;Desertifikation&#8221; k\u00f6nnen als Synonyme, verwendet werden, obwohl die erste ist, die verwendet wurde traditionell in Spanisch.<\/p>\n<p>Grundlage f\u00fcr die Dringend Spanisch (www.fundeu.es), gesponsert von der Agencia Efe und BBVA und dass Werke von der K\u00f6niglich Spanischen Akademie, beraten hat als Hauptziel die gute Verwendung von den Spaniern in den Medien. Er hat die Zusammenarbeit mit, unter anderem des Instituto Cervantes, der Fundaci\u00f3n San Mill\u00e1n, elektrische Netz von Spanien, G\u00f3mez-Acebo &amp; Pombo, Zeder, CELER Soluciones, Hermes, Traducciones, Linguaserve und Abengoa. EFE<\/p>\n","protected":false},"excerpt":{"rendered":"<p>Madrid, 3 Dic (EFE).-Con Motivo De La Villa De La Cumbre Sobre el Cambio Clim\u00e1tico de Doha (Catar), la Fundaci\u00f3n del Espa\u00f1ol Urgente (Fund\u00e9u BBVA) Ofrece de Su Recomendaci\u00f3n del D\u00eda Algunas Claves Para Una Buena Redacci\u00f3n de las Noticias Relativas a Este Acontecimiento. -&#8220;Conferencia de las Naciones Unidas Sobre Cambio Clim\u00e1tico&#8221; es el Nombre [&hellip;]<\/p>\n","protected":false},"author":1,"featured_media":0,"comment_status":"close","ping_status":"open","sticky":false,"template":"","format":"standard","meta":{"footnotes":""},"categories":[3],"tags":[],"class_list":["post-31793","post","type-post","status-publish","format-standard","hentry","category-allgemeine","et-doesnt-have-format-content","et_post_format-et-post-format-standard"],"_links":{"self":[{"href":"https:\/\/www.best-dentist-dentistry.com\/de\/wp-json\/wp\/v2\/posts\/31793","targetHints":{"allow":["GET"]}}],"collection":[{"href":"https:\/\/www.best-dentist-dentistry.com\/de\/wp-json\/wp\/v2\/posts"}],"about":[{"href":"https:\/\/www.best-dentist-dentistry.com\/de\/wp-json\/wp\/v2\/types\/post"}],"author":[{"embeddable":true,"href":"https:\/\/www.best-dentist-dentistry.com\/de\/wp-json\/wp\/v2\/users\/1"}],"replies":[{"embeddable":true,"href":"https:\/\/www.best-dentist-dentistry.com\/de\/wp-json\/wp\/v2\/comments?post=31793"}],"version-history":[{"count":0,"href":"https:\/\/www.best-dentist-dentistry.com\/de\/wp-json\/wp\/v2\/posts\/31793\/revisions"}],"wp:attachment":[{"href":"https:\/\/www.best-dentist-dentistry.com\/de\/wp-json\/wp\/v2\/media?parent=31793"}],"wp:term":[{"taxonomy":"category","embeddable":true,"href":"https:\/\/www.best-dentist-dentistry.com\/de\/wp-json\/wp\/v2\/categories?post=31793"},{"taxonomy":"post_tag","embeddable":true,"href":"https:\/\/www.best-dentist-dentistry.com\/de\/wp-json\/wp\/v2\/tags?post=31793"}],"curies":[{"name":"wp","href":"https:\/\/api.w.org\/{rel}","templated":true}]}}