{"id":31839,"date":"2012-12-26T02:27:22","date_gmt":"2012-12-26T02:27:22","guid":{"rendered":null},"modified":"-0001-11-30T00:00:00","modified_gmt":"-0001-11-30T00:00:00","slug":"brussels-argues-that-emissions-trading-can-help-a-global-pact","status":"publish","type":"post","link":"https:\/\/www.best-dentist-dentistry.com\/de\/brussels-argues-that-emissions-trading-can-help-a-global-pact\/31839","title":{"rendered":"brussels argues that emissions trading can help a global pact"},"content":{"rendered":"<p>&#8220;<\/p>\n<p class=\"first\"> Br\u00fcssel, 11 Apr (EFE).-der Europ\u00e4ischen Kommission (EK) heute verteidigt die Einbeziehung des Luftverkehrs in den Emissionshandel von Kohlendioxid (CO2 europ\u00e4ischen) ist ein Schritt in Richtung eines globalen Abkommens trotz Opposition aus L\u00e4ndern wie Indien, USA oder China.<\/p>\n<p>sprach er Gemeinschaft Sprecher Isaac Valero auf einer Pressekonferenz, fragte nach der Kritik, vom Minister f\u00fcr Umwelt von Indien, Jayanthi Natarajan, wer, die das System bekannt behauptet als ETS Verhandlungen gegen Klima Ebene International bricht.<\/p>\n<p>&#8221; Ich sehe nicht, warum es zu die internationalen Verhandlungen zu brechen, wenn beide das gleiche Ziel Teilen hat: Reduzierung der globale Emissionen &#8220;, sagte Valero, wer verteidigt die Initiative ist ein&#8221; Sprungbrett in Richtung etwas ehrgeizigere (Global), einschlie\u00dflich Indien &rsquo;.<\/p>\n<p>&#8220;Hace A\u00f1os Que Se le Viene Pidiendo a la UE Que Reduzca Sus Emisiones M\u00e1s y M\u00e1s R\u00e1pido Que Los Pa\u00edses de Desarrollo y Nos Parece Bien, As\u00ed Que esta es Una Medida Concreta Que reduzieren las Emisiones de Todo el Sektor A\u00e9reo Europeo y Solo de Una Parte de Los Vuelos Indios &#8220;, Recalc\u00f3 el Portavoz.<\/p>\n<p>Desde el Pasado 1 de Enero, Todos Los Vuelos Que Aterricen o Despeguen de la Uni\u00f3n Europea Est\u00e1n Obligados ein Pagar Por Cada Tonelada de CO2 Que Liberen a la Atm\u00f3sfera, Una Medida Con la Que Bruselas Espera Incentivar al Sektor a Reducir Su Impacto Sobre el Cambio Clim\u00e1tico.<\/p>\n<p>La Medida Cuenta Con el anl\u00e4\u00dflich de EEUU, China, Russland, Indien, M\u00e9xico y Brasil Entre Otros, Que Se Niegan a Que Sus Aerol\u00edneas Paguen Esta Tasa y Han Amenazado ein Bruselas con Prohibir a Sus Compa\u00f1\u00edas Que Acaten Esta Medida e Incluso Con Tomar Una Serie de Represalias Contra el Sektor A\u00e9reo Europeo.<\/p>\n<p>La EU verteidigt, dass die Initiative voll kompatibel mit dem V\u00f6lkerrecht &#8211; wie der Europ\u00e4ische Gerichtshof auf Antrag eine Klage von American Airlines fehlgeschlagen ist- und dass seine Gesetzgebung vorausgesetzt, dass jedes Land von der Zahlung ausgeschlossen werden kann, wenn es nahen Entsprechungen annimmt.<\/p>\n<p>Konversationen, die Br\u00fcssel und seine Partner h\u00e4lt haben jedoch keine Fr\u00fcchte getragen in diesem Sinne im Moment, w\u00e4hrend die Intensivierung der Anweisungen Kreuzungen. EFE<\/p>\n","protected":false},"excerpt":{"rendered":"<p>&#8220; Br\u00fcssel, 11 Apr (EFE).-der Europ\u00e4ischen Kommission (EK) heute verteidigt die Einbeziehung des Luftverkehrs in den Emissionshandel von Kohlendioxid (CO2 europ\u00e4ischen) ist ein Schritt in Richtung eines globalen Abkommens trotz Opposition aus L\u00e4ndern wie Indien, USA oder China. sprach er Gemeinschaft Sprecher Isaac Valero auf einer Pressekonferenz, fragte nach der Kritik, vom Minister f\u00fcr Umwelt [&hellip;]<\/p>\n","protected":false},"author":1,"featured_media":0,"comment_status":"close","ping_status":"open","sticky":false,"template":"","format":"standard","meta":{"footnotes":""},"categories":[3],"tags":[],"class_list":["post-31839","post","type-post","status-publish","format-standard","hentry","category-allgemeine","et-doesnt-have-format-content","et_post_format-et-post-format-standard"],"_links":{"self":[{"href":"https:\/\/www.best-dentist-dentistry.com\/de\/wp-json\/wp\/v2\/posts\/31839","targetHints":{"allow":["GET"]}}],"collection":[{"href":"https:\/\/www.best-dentist-dentistry.com\/de\/wp-json\/wp\/v2\/posts"}],"about":[{"href":"https:\/\/www.best-dentist-dentistry.com\/de\/wp-json\/wp\/v2\/types\/post"}],"author":[{"embeddable":true,"href":"https:\/\/www.best-dentist-dentistry.com\/de\/wp-json\/wp\/v2\/users\/1"}],"replies":[{"embeddable":true,"href":"https:\/\/www.best-dentist-dentistry.com\/de\/wp-json\/wp\/v2\/comments?post=31839"}],"version-history":[{"count":0,"href":"https:\/\/www.best-dentist-dentistry.com\/de\/wp-json\/wp\/v2\/posts\/31839\/revisions"}],"wp:attachment":[{"href":"https:\/\/www.best-dentist-dentistry.com\/de\/wp-json\/wp\/v2\/media?parent=31839"}],"wp:term":[{"taxonomy":"category","embeddable":true,"href":"https:\/\/www.best-dentist-dentistry.com\/de\/wp-json\/wp\/v2\/categories?post=31839"},{"taxonomy":"post_tag","embeddable":true,"href":"https:\/\/www.best-dentist-dentistry.com\/de\/wp-json\/wp\/v2\/tags?post=31839"}],"curies":[{"name":"wp","href":"https:\/\/api.w.org\/{rel}","templated":true}]}}