{"id":31854,"date":"2012-12-26T02:55:30","date_gmt":"2012-12-26T02:55:30","guid":{"rendered":null},"modified":"-0001-11-30T00:00:00","modified_gmt":"-0001-11-30T00:00:00","slug":"cuba-suspends-carnivals-in-two-eastern-cities-before-the-cholera-outbreak","status":"publish","type":"post","link":"https:\/\/www.best-dentist-dentistry.com\/de\/cuba-suspends-carnivals-in-two-eastern-cities-before-the-cholera-outbreak\/31854","title":{"rendered":"cuba suspends carnivals in two eastern cities before the cholera outbreak"},"content":{"rendered":"<p class=\"first\"> Havanna, 18 jul (EFE).-Karneval der St\u00e4dte von Bayamo und Manzanillo, in den Osten von Kuba, wurden von der lokalen Regierung ausgesetzt, eine pr\u00e4ventive Ma\u00dfnahme die Situation der Cholera-Ausbruch Beeintr\u00e4chtigung dieser Region des Landes.<\/p>\n<p>die beiden St\u00e4dte in der Provinz Granma, mehr als 800 Kilometer \u00f6stlich von Havanna, planten, feiern Sie ihre feste im August, aber die Beh\u00f6rden beschlossen, Abbrechen &#8220;, um die Verbreitung von Krankheiten zu verhindern&#8221;, laut Efe sagte eine Quelle der regierenden kommunistischen Partei in dieser Region.<\/p>\n<p>einer anderen Quelle in der Regierung von Bayamo, Hauptstadt der Provinz Granma, erz\u00e4hlte Efe die epidemiologische Situation in der Region kontrolliert wird, aber nahm die Ma\u00dfnahme wegen der &#8220;schwimmenden Bev\u00f6lkerung&#8221;, die in der Regel nach diesen Parteien reist.<\/p>\n<p>Ausbruch des Cholera wurde im vergangenen Juni in Manzanillo, eine Stadt mit 130,500 Einwohnern, wo die meisten 158 F\u00e4lle gemeldet so weit durch das Ministerium f\u00fcr \u00f6ffentliche Gesundheit der Insel berichtet erkannt<\/p>\n<p>am 3. Juli berichtete der kubanischen Regierung zum ersten Mal von Beginn der Erkrankung mit 53 F\u00e4llen und drei Todesf\u00e4lle.<\/p>\n<p>eine Woche sp\u00e4ter er wies darauf hin, dass die Zahl der Kranken 158 Personen angestiegen war, ohne, die neue Todesf\u00e4lle auftreten.<\/p>\n<p>in seinem letzten Teil 14. Juli, berichtete das Ministerium f\u00fcr \u00f6ffentliche Gesundheit sagte, dass &#8220;Ausbruch des w\u00e4ssrige&#8221; r\u00fcckl\u00e4ufig war und f\u00fcgte hinzu, dass &#8220;Verbreitung&#8221; der Krankheit es war Nein da war die Darstellung des &#8220;Einzelf\u00e4lle&#8221; in anderen Regionen aufgrund der infizierten in Manzanillo.<\/p>\n<p>als vorbeugende Ma\u00dfnahmen, die Granma Gesundheitsbeh\u00f6rden haben verboten die Verwendung von Brunnen, verteilt eine chemische Verbindung und Wasser zu reinigen und st\u00e4ndige Appelle an Wasser, Kochen Essen gr\u00fcndlich Kochen und Waschen der H\u00e4nde.<\/p>\n<p>die kubanischen Beh\u00f6rden haben bisher keine andere offizielles Update durch die Medien in der nationalen Presse \u00fcber den Status der Ausbruch der Cholera oder ihrer Herkunft.<\/p>\n<p>der letzten Choleraepidemie in Kuba trat im Jahr 1882 und die j\u00fcngsten F\u00e4lle wurden kurz nach dem Sturz des Pr\u00e4sidenten Fulgencio Batista 1959 aufgenommen.<\/p>\n<p>am 3. Juli berichtete der kubanischen Regierung zum ersten Mal von Beginn der Erkrankung mit 53 F\u00e4llen und drei Tote. WireImage \/<\/p>\n","protected":false},"excerpt":{"rendered":"<p>Havanna, 18 jul (EFE).-Karneval der St\u00e4dte von Bayamo und Manzanillo, in den Osten von Kuba, wurden von der lokalen Regierung ausgesetzt, eine pr\u00e4ventive Ma\u00dfnahme die Situation der Cholera-Ausbruch Beeintr\u00e4chtigung dieser Region des Landes. die beiden St\u00e4dte in der Provinz Granma, mehr als 800 Kilometer \u00f6stlich von Havanna, planten, feiern Sie ihre feste im August, aber [&hellip;]<\/p>\n","protected":false},"author":1,"featured_media":0,"comment_status":"close","ping_status":"open","sticky":false,"template":"","format":"standard","meta":{"footnotes":""},"categories":[3],"tags":[42121],"class_list":["post-31854","post","type-post","status-publish","format-standard","hentry","category-allgemeine","tag-wrde","et-doesnt-have-format-content","et_post_format-et-post-format-standard"],"_links":{"self":[{"href":"https:\/\/www.best-dentist-dentistry.com\/de\/wp-json\/wp\/v2\/posts\/31854","targetHints":{"allow":["GET"]}}],"collection":[{"href":"https:\/\/www.best-dentist-dentistry.com\/de\/wp-json\/wp\/v2\/posts"}],"about":[{"href":"https:\/\/www.best-dentist-dentistry.com\/de\/wp-json\/wp\/v2\/types\/post"}],"author":[{"embeddable":true,"href":"https:\/\/www.best-dentist-dentistry.com\/de\/wp-json\/wp\/v2\/users\/1"}],"replies":[{"embeddable":true,"href":"https:\/\/www.best-dentist-dentistry.com\/de\/wp-json\/wp\/v2\/comments?post=31854"}],"version-history":[{"count":0,"href":"https:\/\/www.best-dentist-dentistry.com\/de\/wp-json\/wp\/v2\/posts\/31854\/revisions"}],"wp:attachment":[{"href":"https:\/\/www.best-dentist-dentistry.com\/de\/wp-json\/wp\/v2\/media?parent=31854"}],"wp:term":[{"taxonomy":"category","embeddable":true,"href":"https:\/\/www.best-dentist-dentistry.com\/de\/wp-json\/wp\/v2\/categories?post=31854"},{"taxonomy":"post_tag","embeddable":true,"href":"https:\/\/www.best-dentist-dentistry.com\/de\/wp-json\/wp\/v2\/tags?post=31854"}],"curies":[{"name":"wp","href":"https:\/\/api.w.org\/{rel}","templated":true}]}}