{"id":3199,"date":"2012-01-20T18:09:20","date_gmt":"2012-01-20T18:09:20","guid":{"rendered":null},"modified":"-0001-11-30T00:00:00","modified_gmt":"-0001-11-30T00:00:00","slug":"cocemfe-criticizes-new-cuts-by-hurting-the-most-vulnerable-people","status":"publish","type":"post","link":"https:\/\/www.best-dentist-dentistry.com\/de\/cocemfe-criticizes-new-cuts-by-hurting-the-most-vulnerable-people\/3199","title":{"rendered":"COCEMFE kritisiert neue Schnitte durch die am st\u00e4rksten gef\u00e4hrdeten Menschen verletzen."},"content":{"rendered":"<p><strong>COCEMFE kritisiert neue Schnitte durch verletzen Menschen anf\u00e4lliger.<\/strong> <\/p>\n<p><font size=\"2\">-der K\u00f6rper lehnt die neuen K\u00fcrzungen der pers\u00f6nlichen Autonomie, Zusammenarbeit und Research A Dekret ohne Konsultationen moderate Nachfolgerzellen abgerungen hat ihre Rechte zu den T\u00fcren beginnen, um sie auszu\u00fcben <\/p>\n<p>-COCEMFE h\u00e4lt K\u00fcrzungen im Rahmen der Entwicklungszusammenarbeit zu einem unfairen Ma\u00dfnahme, das direkt die am st\u00e4rksten gef\u00e4hrdeten Menschen <\/p>\n<p> <strong>Madrid, Januar 2012 &#8211;<\/strong> Spanisch Bund von Menschen mit Behinderung und organischen (COCEMFE) zeigt seine absolute Ablehnung der j\u00fcngsten K\u00fcrzungen in pers\u00f6nlichen Autonomie, Entwicklung und f &amp; e-Zusammenarbeit genehmigt den vergangenen Mittwoch 11 am Kongress der Abgeordneten. <\/p>\n<p>F\u00fcr Pr\u00e4sident COCEMFE, Mario Garc\u00eda  das einj\u00e4hriges Moratorium beschlossen von der Exekutive ist inakzeptabel und, die l\u00e4hmt die Bereitstellung des Gesetzes der Selbstbestimmung und der Abh\u00e4ngigkeit, die Beg\u00fcnstigten mit m\u00e4\u00dfiger bis wieder zu erweitern &#8221;. <\/p>\n<p>  Menschen, die t\u00e4gliche Unterst\u00fctzung mindestens einmal pro Tag ben\u00f6tigen grundlegende T\u00e4tigkeiten m\u00fcssen warten, bis zum Jahr 2013 subjektiven Rechte aus\u00fcben, die ihnen das Gesetz vor f\u00fcnf Jahren erkannt und jetzt ein Dekret ohne Konsultationen hat geschnappt hat sie vor den Toren zu beginnen, sie zu genie\u00dfen &#8221;erkl\u00e4rt der Pr\u00e4sident der Entit\u00e4t. <\/p>\n<p>COCEMFE glaubt, dass Rechte gesetzlich unter keinen Umst\u00e4nden k\u00f6nnen von der budget\u00e4ren M\u00f6glichkeiten oder Vereinbarungen zwischen der Zentraladministration und der autonomen Gemeinschaften h\u00e4ngen, und viel weniger unterliegen Schnitte als die getragenen heraus jetzt. <\/p>\n<p>Aus diesem Grund von der Behinderung appelliere Sektor der Exekutive und Parlament, den Regionalregierungen und lokale Unternehmen mit Bewegungen, die B\u00fcrger in ihrer Entwicklung zu tun, sobald der Bilanz durch das Gesetz selbst erforderlich, und wir einen Pakt State umfassende Reformen schlagen und Revisionen, die Autonomie und Abh\u00e4ngigkeit Care-System ben\u00f6tigen. <\/p>\n<p>Diesen Bericht COCEMFE als dringend notwendig, das System nachhaltiger zu gestalten und rational mit Finanzierung angepasst an die Realit\u00e4t, in keinem Fall muss eingeben Schnitte oder R\u00fcckschl\u00e4ge in Schutz, deren Implementierung sich bereits \u00fcberm\u00e4\u00dfige Verz\u00f6gerungen und Armen Aufmerksamkeit in vielen F\u00e4llen generiert. <\/p>\n<p>Auch Beihilfen COCEMFE lehnt wieder Schneiden des Haushalts f\u00fcr Subventionen f\u00fcr die Entwicklung dieser ungerechten Ma\u00dfnahme die direkt die schw\u00e4chsten betrifft und dass mehr leiden unter den Auswirkungen der Wirtschaftskrise sind. <\/p>\n<p>Ebenso fordert das Unternehmen, da\u00df diese Reduzierung nicht die Projekte, die entwickelt, NRO auswirkt, angesichts der Tatsache, dass es einen Bruchteil der gesamten Investitionskosten in der Entwicklungszusammenarbeit und darstellt eine Art viel direkter Beihilfen an die Beg\u00fcnstigten, die es am meisten ben\u00f6tigen. <\/p>\n<p>Schlie\u00dflich gegen COCEMFE zur Reduzierung der Investitionen in FuE, da es ein weiterer Schlag gegen die wissenschaftlichen und technologischen Entwicklung bedeuten w\u00fcrde, das hat so viel zu der Verbesserung der Lebensqualit\u00e4t von Menschen mit Behinderungen geholfen, aber die hat noch einen langen Weg zu gehen in die Fr\u00fcherkennung von Krankheitendie Verbesserung der Behandlungen und die Heilung von Krankheiten ist noch nicht m\u00f6glich. <\/p>\n<p><strong>\u00dcber COCEMFE <br \/><\/strong> <br \/>Der Spanische Konf\u00f6deration von Menschen mit k\u00f6rperlicher Behinderung und organischen (COCEMFE) ist eine nichtstaatliche gemeinn\u00fctzige, die 1980 gegr\u00fcndet wurde. Es zielt darauf ab zu vereinigen, St\u00e4rkung und Koordinierung und Aktivit\u00e4ten von Personen zugunsten von Personen mit k\u00f6rperlichen Behinderungen und \u00d3rg\u00e1nica f\u00fcr ihre Rechte zu verteidigen und ihre Lebensqualit\u00e4t zu verbessern. Das Unternehmen vereint mehr als 1.360 Organisationen aufgeteilt autonome Konf\u00f6derationen, staatlichen Institutionen und provinziellen Verb\u00e4nde, die wiederum die verschiedenen lokalen Vereinigungen zusammenbringen. <\/p>\n<p><\/font><\/p>\n","protected":false},"excerpt":{"rendered":"<p>COCEMFE kritisiert neue Schnitte durch verletzen Menschen anf\u00e4lliger. -der K\u00f6rper lehnt die neuen K\u00fcrzungen der pers\u00f6nlichen Autonomie, Zusammenarbeit und Research A Dekret ohne Konsultationen moderate Nachfolgerzellen abgerungen hat ihre Rechte zu den T\u00fcren beginnen, um sie auszu\u00fcben -COCEMFE h\u00e4lt K\u00fcrzungen im Rahmen der Entwicklungszusammenarbeit zu einem unfairen Ma\u00dfnahme, das direkt die am st\u00e4rksten gef\u00e4hrdeten Menschen [&hellip;]<\/p>\n","protected":false},"author":1,"featured_media":0,"comment_status":"close","ping_status":"open","sticky":false,"template":"","format":"standard","meta":{"footnotes":""},"categories":[3],"tags":[10867,10868],"class_list":["post-3199","post","type-post","status-publish","format-standard","hentry","category-allgemeine","tag-darmerkrankungen","tag-verletzen","et-doesnt-have-format-content","et_post_format-et-post-format-standard"],"_links":{"self":[{"href":"https:\/\/www.best-dentist-dentistry.com\/de\/wp-json\/wp\/v2\/posts\/3199","targetHints":{"allow":["GET"]}}],"collection":[{"href":"https:\/\/www.best-dentist-dentistry.com\/de\/wp-json\/wp\/v2\/posts"}],"about":[{"href":"https:\/\/www.best-dentist-dentistry.com\/de\/wp-json\/wp\/v2\/types\/post"}],"author":[{"embeddable":true,"href":"https:\/\/www.best-dentist-dentistry.com\/de\/wp-json\/wp\/v2\/users\/1"}],"replies":[{"embeddable":true,"href":"https:\/\/www.best-dentist-dentistry.com\/de\/wp-json\/wp\/v2\/comments?post=3199"}],"version-history":[{"count":0,"href":"https:\/\/www.best-dentist-dentistry.com\/de\/wp-json\/wp\/v2\/posts\/3199\/revisions"}],"wp:attachment":[{"href":"https:\/\/www.best-dentist-dentistry.com\/de\/wp-json\/wp\/v2\/media?parent=3199"}],"wp:term":[{"taxonomy":"category","embeddable":true,"href":"https:\/\/www.best-dentist-dentistry.com\/de\/wp-json\/wp\/v2\/categories?post=3199"},{"taxonomy":"post_tag","embeddable":true,"href":"https:\/\/www.best-dentist-dentistry.com\/de\/wp-json\/wp\/v2\/tags?post=3199"}],"curies":[{"name":"wp","href":"https:\/\/api.w.org\/{rel}","templated":true}]}}