{"id":3202,"date":"2012-01-22T18:00:17","date_gmt":"2012-01-22T18:00:17","guid":{"rendered":null},"modified":"-0001-11-30T00:00:00","modified_gmt":"-0001-11-30T00:00:00","slug":"the-beneo-institute-announces-the-holding-of-the-2nd-european-scientific-symposium-on-fiber-prebiaticas-and-hydrates-of-carbon-functional-in-the-context-of-science-and-the-current-rules","status":"publish","type":"post","link":"https:\/\/www.best-dentist-dentistry.com\/de\/the-beneo-institute-announces-the-holding-of-the-2nd-european-scientific-symposium-on-fiber-prebiaticas-and-hydrates-of-carbon-functional-in-the-context-of-science-and-the-current-rules\/3202","title":{"rendered":"BENEO Institute k\u00fcndigt die Abhaltung des zweiten europ\u00e4ischen wissenschaftlichen Symposium on Faser Prebi\u00f3ticas und hydrate von Kohlenstoff funktionale im Zusammenhang mit der Wissenschaft und die"},"content":{"rendered":"<p><font   size=\"2\"> <strong><font size=\"3\"> die BENEO-Institute k\u00fcndigt die Haltung des zweiten europ\u00e4ischen wissenschaftlichen Symposium on Faser Prebi\u00f3ticas und hydrate von Kohlenstoff funktionale im Zusammenhang mit der Wissenschaft und der geltenden<\/font> <\/p>\n<p> 12 und 13. M\u00e4rz 2012, Heidelberg, Deutschland<\/strong> <\/p>\n<p> <strong>Madrid, Januar 2012 &#8211;<\/strong> Instituts BENEO meldet die Beteiligung der zweiten europ\u00e4ischen wissenschaftlichen Symposium der BENEO. Das Symposium, das auf die pr\u00e4biotischenen Fasern und funktionale Kohlenstoff hydrate im Rahmen der Wissenschaft und die geltenden Vorschriften konzentrieren wird, stattfinden am 12. und 13. M\u00e4rz in Heidelberg, in das Europ\u00e4ische Labor f\u00fcr Molekularbiologie (EMBL, f\u00fcr ihre Abk\u00fcrzung in Englisch). <\/p>\n<p>Nach dem Erfolg des ersten europ\u00e4ischen wissenschaftlichen Symposiums statt in Br\u00fcssel im Jahr 2008, BENEO-Institut prominente Akademikern, die neueste Nachrichten aus wissenschaftlicher Sicht, sowie die Adressierung der legislativen Umfelds in der Europ\u00e4ischen Union in diesem Zusammenhang zu Teilen zusammen bringen wird. Natalie Delzenne, katholische Universit\u00e4t Leuven, Belgien, und Daniel K\u00f6nig, Freiburg, Deutschland, wird den Vorsitz der Veranstaltung und wird als Redner auf dem Symposium teilnehmen. Andere Redner Schl\u00fcssel werden auf der Veranstaltung sprechen: <\/p>\n<p>-Kuching Henry, Institut f\u00fcr klinische Wissenschaften von Singapur, Singapore <br \/>-Julie M. Jones, Universit\u00e4t von Minnesota, USA <br \/>-Rob Rastall, Universit\u00e4t Reading, Vereinigtes K\u00f6nigreich <br \/>-Moritz Hagenmeyer, Universit\u00e4t Hannover, Deutschland <\/p>\n<p> Symposium Teilnehmer erhalten Informationen auf den folgenden Elementen: <\/p>\n<p>-physiologischen Bedeutung der Kohlenhydrate mit niedrigem Antwort Gluc\u00e9mica f\u00fcr den menschlichen Organismus<br \/>-Optionen, um die Lebensmittel Gluc\u00e9micas Eigenschaften reduzieren <br \/>-Auswirkungen der europ\u00e4ischen Rechtsvorschriften an die Anweisungen der Gesundheit der EU-Verordnung <br \/>-neue Perspektiven auf was eine menschliche intestinal Microbiota gesund ist <br \/>-Prebiotika Rolle in Gewicht Kontrolle und Kind Ern\u00e4hrung <\/p>\n<p> f\u00fcr weitere Informationen \u00fcber das Symposiumgehen Sie zu www.beneo-institute.com oder nehmen Sie Kontakt mit info@beneo-institute.com. <\/p>\n<p>Anke Sentko, Vice President Regulatory Affairs und Ern\u00e4hrung Kommunikation BENEO, sagte: &#8220;Wir haben die Ehre, die Durchf\u00fchrung der zweiten Symposium Wissenschaftlers BENEO bekannt zu geben.&#8221; BENEO-Institut widmet sich der Bereitstellung von rechtlichen und Ern\u00e4hrung Informationen f\u00fcr unsere Kunden, Forscher, Ern\u00e4hrungswissenschaftler und Meinungsbildnern. &#8220;Die hochkar\u00e4tige Redner wir ausgew\u00e4hlt haben f\u00fcr dieses Symposium verspricht, Teilnehmer die neuesten Erkenntnisse im Zusammenhang mit funktionalen Kohlenhydrate und Fasern prebiotischer zu informieren.&#8221; <\/p>\n<p><\/font><\/p>\n","protected":false},"excerpt":{"rendered":"<p>die BENEO-Institute k\u00fcndigt die Haltung des zweiten europ\u00e4ischen wissenschaftlichen Symposium on Faser Prebi\u00f3ticas und hydrate von Kohlenstoff funktionale im Zusammenhang mit der Wissenschaft und der geltenden 12 und 13. M\u00e4rz 2012, Heidelberg, Deutschland Madrid, Januar 2012 &#8211; Instituts BENEO meldet die Beteiligung der zweiten europ\u00e4ischen wissenschaftlichen Symposium der BENEO. Das Symposium, das auf die pr\u00e4biotischenen [&hellip;]<\/p>\n","protected":false},"author":1,"featured_media":0,"comment_status":"close","ping_status":"open","sticky":false,"template":"","format":"standard","meta":{"footnotes":""},"categories":[3],"tags":[10869],"class_list":["post-3202","post","type-post","status-publish","format-standard","hentry","category-allgemeine","tag-zugunsten","et-doesnt-have-format-content","et_post_format-et-post-format-standard"],"_links":{"self":[{"href":"https:\/\/www.best-dentist-dentistry.com\/de\/wp-json\/wp\/v2\/posts\/3202","targetHints":{"allow":["GET"]}}],"collection":[{"href":"https:\/\/www.best-dentist-dentistry.com\/de\/wp-json\/wp\/v2\/posts"}],"about":[{"href":"https:\/\/www.best-dentist-dentistry.com\/de\/wp-json\/wp\/v2\/types\/post"}],"author":[{"embeddable":true,"href":"https:\/\/www.best-dentist-dentistry.com\/de\/wp-json\/wp\/v2\/users\/1"}],"replies":[{"embeddable":true,"href":"https:\/\/www.best-dentist-dentistry.com\/de\/wp-json\/wp\/v2\/comments?post=3202"}],"version-history":[{"count":0,"href":"https:\/\/www.best-dentist-dentistry.com\/de\/wp-json\/wp\/v2\/posts\/3202\/revisions"}],"wp:attachment":[{"href":"https:\/\/www.best-dentist-dentistry.com\/de\/wp-json\/wp\/v2\/media?parent=3202"}],"wp:term":[{"taxonomy":"category","embeddable":true,"href":"https:\/\/www.best-dentist-dentistry.com\/de\/wp-json\/wp\/v2\/categories?post=3202"},{"taxonomy":"post_tag","embeddable":true,"href":"https:\/\/www.best-dentist-dentistry.com\/de\/wp-json\/wp\/v2\/tags?post=3202"}],"curies":[{"name":"wp","href":"https:\/\/api.w.org\/{rel}","templated":true}]}}