{"id":3204,"date":"2012-01-23T18:00:19","date_gmt":"2012-01-23T18:00:19","guid":{"rendered":null},"modified":"-0001-11-30T00:00:00","modified_gmt":"-0001-11-30T00:00:00","slug":"schools-of-nursing-call-on-the-minister-of-health-the-withdrawal-of-the-decree-law-of-adjustment-measures","status":"publish","type":"post","link":"https:\/\/www.best-dentist-dentistry.com\/de\/schools-of-nursing-call-on-the-minister-of-health-the-withdrawal-of-the-decree-law-of-adjustment-measures\/3204","title":{"rendered":"Schulen der Krankenpflege fordern die Minister f\u00fcr Gesundheit den R\u00fcckzug des Legislativdekretes Anpassungsma\u00dfnahmen."},"content":{"rendered":"<p><strong>Krankenpflege Hochschulen fordere die Minister f\u00fcr Gesundheit den R\u00fcckzug des Legislativdekretes Anpassungsma\u00dfnahmen <\/p>\n<p><font size=\"2\"> der Organisation Schuljunge gehen die Sindic B\u00fcrgerbeauftragten und des Europ\u00e4ischen B\u00fcrgerbeauftragten zu untersuchen die Verantwortung der F\u00fchrungskr\u00e4fte und fordere die Verfassungswidrigkeit des Decreto legislativo 1\/2012 <\/p>\n<p><\/font><\/strong><font size=\"2\"> <font size=\"2\"> <strong>Valencia, Januar 2012.-<\/strong> Rates der Pflege der valencianischen Gemeinschaft (CECOVA) und der Colleges der Krankenpflege Alicante, Castell\u00f3n und Valencia bekr\u00e4ftigt w\u00e4hrend des Treffens mit dem Minister f\u00fcr Gesundheit, Luis Rosado, seine Ablehnung der Ma\u00dfnahmen im Decreto-legge Nr. 1\/2012, der Consell, \u00fcber dringende Ma\u00dfnahmen zur Reduzierung des Defizits der Generalitat Valenciana, und forderte die sofortige R\u00fccknahme der gleichen. <\/p>\n<p>Rosa informiert die College-Pr\u00e4sidenten \u00fcber die Details des Decreto legislativo 1, 2012 und ausgedr\u00fcckt  die Unm\u00f6glichkeit der Durchf\u00fchrung des R\u00fcckzugs, da es von der Corts Valencianes genehmigt wurde &#8221; und Ma\u00dfnahmen in ihm  sind ganz au\u00dfergew\u00f6hnlich und, wenn m\u00f6glich, sie Retrotraer\u00e1n zu der Zeit in die wirtschaftlichen Stabilit\u00e4t wiederherzustellenWenn m\u00f6glich vor dem Datum eingestellt f\u00fcr 2013 &#8221;, gem\u00e4\u00df der Verhei\u00dfung gestern der Pr\u00e4sident der Consell, Alberto Fabra gemacht. <\/p>\n<p>Die studentische Organisation von Krankenschwestern und Krankenpflegern wird nutzen die Sindic de Greuges der Comunidad Valenciana, Jos\u00e9 Cholbi, und der Menschen bef\u00fcrworten, Mar\u00eda Luisa Cava de Llano, anfordern, die  er\u00f6ffnet eine Untersuchung \u00fcber die Verantwortung der \u00f6ffentlichen Betreiber, die diese Situation von Arbeit und wirtschaftlichen Zusammenbruch in den Beruf Krankenschwester verursacht haben und initiieren Sie die TrafGrenzen f\u00fcr die Erkl\u00e4rung der Verfassungswidrigkeit des Decreto legislativo 1\/2012 &#8221;. <\/p>\n<p>Besorgnis angezeigt, von der Stiftskirche Organisation der Pflege f\u00fcr die Stabilit\u00e4t der Besch\u00e4ftigung von tempor\u00e4ren und Zwischenberichte Personal, der Minister f\u00fcr Gesundheit hat sich verpflichtet,  es nicht von diesen Ma\u00dfnahmen betroffen &#8221; und gesicherte  Kontinuit\u00e4t in aktuellen Job &#8221;. <\/p>\n<p>Rosa bereitgestellt, um die Pr\u00e4sidenten der College-Organisation  eine Reihe von Vorschl\u00e4gen gezielt auf die Reduzierung der Ausgaben f\u00fcr Gesundheit, die nicht beeintr\u00e4chtigt wird, noch wirtschaftliche oder Arbeitskr\u00e4fte zum Beruf Krankenschwester &#8221;. Auch gew\u00e4hrleistet, dass  wird es keine Diskriminierung zwischen \u00c4rzten und Krankenschwestern Messen wie in einigen Medien manifestiert hatte &#8221;. <\/p>\n<p>Die Organisation College der Krankenpflege des Valencia bekr\u00e4ftigt seine  volle Unterst\u00fctzung &#8221; verantwortlich f\u00fcr die Verhandlungen in der sektoralen Tabelle f\u00fcr Gesundheit, in denen Consensuar\u00e1n den entsprechenden wirtschaftlichen und Besch\u00e4ftigung Ma\u00dfnahmen der Gewerkschaften. <\/p>\n<p>Unterst\u00fctzt die Minister f\u00fcr Gesundheit der  die Umsetzung der Gehalt Erg\u00e4nzung der Leistungskontrolle f\u00fcr Gesundheitsberufe, zur Verbesserung der Ergebnisse und die Effizienz des Gesundheitswesens &#8221;. <\/p>\n<p>Dar\u00fcber hinaus Rosado zeigte auch  empf\u00e4nglich und dialogische &#8221; als auch  \u00f6ffnen &#8221; Vorschl\u00e4ge und Beitr\u00e4ge aus der Stiftskirche Organisation der Pflege f\u00fcr  optimieren Verwaltung &#8221; des Gesundheitssystems von Valencia. <\/p>\n<p><\/font><\/font><\/p>\n","protected":false},"excerpt":{"rendered":"<p>Krankenpflege Hochschulen fordere die Minister f\u00fcr Gesundheit den R\u00fcckzug des Legislativdekretes Anpassungsma\u00dfnahmen der Organisation Schuljunge gehen die Sindic B\u00fcrgerbeauftragten und des Europ\u00e4ischen B\u00fcrgerbeauftragten zu untersuchen die Verantwortung der F\u00fchrungskr\u00e4fte und fordere die Verfassungswidrigkeit des Decreto legislativo 1\/2012 Valencia, Januar 2012.- Rates der Pflege der valencianischen Gemeinschaft (CECOVA) und der Colleges der Krankenpflege Alicante, Castell\u00f3n und [&hellip;]<\/p>\n","protected":false},"author":1,"featured_media":0,"comment_status":"close","ping_status":"open","sticky":false,"template":"","format":"standard","meta":{"footnotes":""},"categories":[3],"tags":[10884,10876,10878,10882,10879,10880,10873,10875,10883,10874,10877,10881],"class_list":["post-3204","post","type-post","status-publish","format-standard","hentry","category-allgemeine","tag-10884","tag-anpassungsmanahmen","tag-brgerbeauftragten","tag-decreto","tag-fhrungskrfte","tag-fordere","tag-frauengesundheit","tag-legislativdekretes","tag-legislativo","tag-rckzug","tag-sindic","tag-verfassungswidrigkeit","et-doesnt-have-format-content","et_post_format-et-post-format-standard"],"_links":{"self":[{"href":"https:\/\/www.best-dentist-dentistry.com\/de\/wp-json\/wp\/v2\/posts\/3204","targetHints":{"allow":["GET"]}}],"collection":[{"href":"https:\/\/www.best-dentist-dentistry.com\/de\/wp-json\/wp\/v2\/posts"}],"about":[{"href":"https:\/\/www.best-dentist-dentistry.com\/de\/wp-json\/wp\/v2\/types\/post"}],"author":[{"embeddable":true,"href":"https:\/\/www.best-dentist-dentistry.com\/de\/wp-json\/wp\/v2\/users\/1"}],"replies":[{"embeddable":true,"href":"https:\/\/www.best-dentist-dentistry.com\/de\/wp-json\/wp\/v2\/comments?post=3204"}],"version-history":[{"count":0,"href":"https:\/\/www.best-dentist-dentistry.com\/de\/wp-json\/wp\/v2\/posts\/3204\/revisions"}],"wp:attachment":[{"href":"https:\/\/www.best-dentist-dentistry.com\/de\/wp-json\/wp\/v2\/media?parent=3204"}],"wp:term":[{"taxonomy":"category","embeddable":true,"href":"https:\/\/www.best-dentist-dentistry.com\/de\/wp-json\/wp\/v2\/categories?post=3204"},{"taxonomy":"post_tag","embeddable":true,"href":"https:\/\/www.best-dentist-dentistry.com\/de\/wp-json\/wp\/v2\/tags?post=3204"}],"curies":[{"name":"wp","href":"https:\/\/api.w.org\/{rel}","templated":true}]}}