{"id":32047,"date":"2012-12-27T02:48:15","date_gmt":"2012-12-27T02:48:15","guid":{"rendered":null},"modified":"-0001-11-30T00:00:00","modified_gmt":"-0001-11-30T00:00:00","slug":"the-mayor-of-bogota-returns-to-his-office-after-the-drainage-of-clots-in-his-head","status":"publish","type":"post","link":"https:\/\/www.best-dentist-dentistry.com\/de\/the-mayor-of-bogota-returns-to-his-office-after-the-drainage-of-clots-in-his-head\/32047","title":{"rendered":"the mayor of bogota returns to his office after the drainage of clots in his head"},"content":{"rendered":"<p class=\"first\"> Bogot\u00e1, 25 jun (EFE).-der B\u00fcrgermeister von Bogot\u00e1, Gustavo Petro, kehrte heute zu seiner \u00fcblichen Arbeit neun Tage nach unterworfen zu einem Abfluss von Gerinnseln im Kopf, hie\u00df aus seinem Amt.<\/p>\n<p>das hohe Amt, 52 Jahre, &#8220;es wieder eingesetzt, um seine Funktionen am Montag nach dem Protokoll des Vizepr\u00e4sidenten der Republik, Angeleno Garzon, bei der Cl\u00ednica Reina Sof\u00eda, n\u00f6rdlich der Stadt, einen Besuch machen&#8221;, sagte eine Erkl\u00e4rung unterzeichnet, mit ihrem Press, Rodrigo Silva.<\/p>\n<p>Garzon, 65 Jahre, bleibt in dieser Klinik seit 14. Juni, die durch nachfolgende Komplikationen, in einem Gehirn Rest aufgenommen wurde verhindern eine m\u00f6gliche Verschlechterung der Gegend betroffen von der Verletzung, das Mittelhirn, die mehrere lebenswichtige Funktionen, laut \u00c4rzte verpflichtet, die f\u00fcr Sie sorgen.<\/p>\n<p>Petro, ihrerseits wurde letzte Woche entlassen und heute zur\u00fcck in seinem B\u00fcro in das Zentrum von Bogota, &#8220;wurde mit Applaus von Beamten der verschiedenen Einheiten des B\u00fcrgermeisters,&#8221; entsprechend dem Bericht.<\/p>\n<p>der B\u00fcrgermeister, er unterzog sich Chirurgie an der Santa Fe-Stiftung, auch im n\u00f6rdlichen Bogota.<\/p>\n<p>&#8220;Medizinisch empfohlen, die repr\u00e4sentative Hauptstadt muss nicht erweitern ihren Arbeitstag, \u00dcbungen zu vermeiden und dringenden F\u00e4llen, in denen ihr Eingreifen erforderlich ist&#8221;, hinzugef\u00fcgt die Freilassung.<\/p>\n<p>Petro teilnehmen am Montag &#8220;interne und privaten Treffen&#8221; mit einigen ihrer Bediensteten.<\/p>\n","protected":false},"excerpt":{"rendered":"<p>Bogot\u00e1, 25 jun (EFE).-der B\u00fcrgermeister von Bogot\u00e1, Gustavo Petro, kehrte heute zu seiner \u00fcblichen Arbeit neun Tage nach unterworfen zu einem Abfluss von Gerinnseln im Kopf, hie\u00df aus seinem Amt. das hohe Amt, 52 Jahre, &#8220;es wieder eingesetzt, um seine Funktionen am Montag nach dem Protokoll des Vizepr\u00e4sidenten der Republik, Angeleno Garzon, bei der Cl\u00ednica [&hellip;]<\/p>\n","protected":false},"author":1,"featured_media":0,"comment_status":"close","ping_status":"open","sticky":false,"template":"","format":"standard","meta":{"footnotes":""},"categories":[3],"tags":[],"class_list":["post-32047","post","type-post","status-publish","format-standard","hentry","category-allgemeine","et-doesnt-have-format-content","et_post_format-et-post-format-standard"],"_links":{"self":[{"href":"https:\/\/www.best-dentist-dentistry.com\/de\/wp-json\/wp\/v2\/posts\/32047","targetHints":{"allow":["GET"]}}],"collection":[{"href":"https:\/\/www.best-dentist-dentistry.com\/de\/wp-json\/wp\/v2\/posts"}],"about":[{"href":"https:\/\/www.best-dentist-dentistry.com\/de\/wp-json\/wp\/v2\/types\/post"}],"author":[{"embeddable":true,"href":"https:\/\/www.best-dentist-dentistry.com\/de\/wp-json\/wp\/v2\/users\/1"}],"replies":[{"embeddable":true,"href":"https:\/\/www.best-dentist-dentistry.com\/de\/wp-json\/wp\/v2\/comments?post=32047"}],"version-history":[{"count":0,"href":"https:\/\/www.best-dentist-dentistry.com\/de\/wp-json\/wp\/v2\/posts\/32047\/revisions"}],"wp:attachment":[{"href":"https:\/\/www.best-dentist-dentistry.com\/de\/wp-json\/wp\/v2\/media?parent=32047"}],"wp:term":[{"taxonomy":"category","embeddable":true,"href":"https:\/\/www.best-dentist-dentistry.com\/de\/wp-json\/wp\/v2\/categories?post=32047"},{"taxonomy":"post_tag","embeddable":true,"href":"https:\/\/www.best-dentist-dentistry.com\/de\/wp-json\/wp\/v2\/tags?post=32047"}],"curies":[{"name":"wp","href":"https:\/\/api.w.org\/{rel}","templated":true}]}}