{"id":32079,"date":"2012-12-28T02:33:21","date_gmt":"2012-12-28T02:33:21","guid":{"rendered":null},"modified":"-0001-11-30T00:00:00","modified_gmt":"-0001-11-30T00:00:00","slug":"psoe-acusa-a-mato-desecrate-the-sns-with-their-cuts-and-return-to-the-franco","status":"publish","type":"post","link":"https:\/\/www.best-dentist-dentistry.com\/de\/psoe-acusa-a-mato-desecrate-the-sns-with-their-cuts-and-return-to-the-franco\/32079","title":{"rendered":"psoe acusa a mato desecrate the sns with their cuts and return to the franco"},"content":{"rendered":"<p class=\"first\"> MADRID, 8 (EUROPA PRESS)<\/p>\n<p>am Dienstag im Plenum die Sozialistische Fraktion im Senat hat eine Reihe von Fragen an den Minister f\u00fcr Gesundheit, soziale Dienste und Geschlechter, Ana Mato, \u00fcber die Auswirkungen, die haben Schnitte der Vernunft unter den B\u00fcrgern, beschuldigen sie, dass &#8220;entweiht&#8221; Volksgesundheit und Rollback zu &#8220;Francos Zeiten&#8221;.<\/p>\n<p>so hat es der Senator Mar\u00eda Victoria Chivite, versichert, die &#8220;Schritt zur\u00fcck Riesen&#8221; Wandel von einem System auf der Grundlage von die Universalit\u00e4t zu einem Qualit\u00e4tssicherungssystem katalogisiert hat, die sie glauben verlassen ohne Gesundheitsversorgung f\u00fcr einige spanische B\u00fcrger als junge Menschen aus \u00fcber 26 Jahre, die nicht bereit erkl\u00e4rt, ihre erste Arbeitsstelle oder getrennt von Frauen, die nicht gearbeitet haben.<\/p>\n<p>&#8220;fallen nicht in die Gesundheitsversorgung diejenigen, die nicht zur Sozialversicherung, nicht beigetragen haben, klar zu beweisen, dass sie nicht Ressourcen, haben wenn die Feierlichkeit Armen Fleisch wie in der Franco-\u00c4ra gegeben und als ob Wohlt\u00e4tigkeitsorganisationen suchen, werden ihnen, besuchen &#8220;hat es zensiert.<\/p>\n<p>auch beschuldigte auch Mato&#8221; nehmen eine sehr schmutzige-Debatte &#8220;zu&#8221;blame Einwanderer aus das schlechte Funktionieren der \u00f6ffentlichen Dienste&#8221;, unter Hinweis darauf, dass universelle war etwas&#8221;beneidet&#8221;des nationalen Gesundheitssystems (SNS), dass&#8221;wollen nun bis Ende&#8221;.<\/p>\n<p>dieser Senator, sowie die auch sozialistische Raquel Andrew, haben kritisiert, dass K\u00fcrzungen im Gesundheitswesen und zur gleichen Zeit, zu verk\u00fcnden, dass es mit der \u00d6ffentlichkeit zu finanziellen Einrichtungen Geld gerettet wurde.<\/p>\n<p>&#8221; haben Detra\u00eddo 7 Milliarden \u00f6ffentliche Gesundheit, f\u00fcr &#8221; &#8220;do save? No, to give them bankia where they had placed to that crack of finance yesterday was released by legs&#8221;, has censored Andr\u00e9s, who has asked the owner of health that has been put in place cuts &#8220;without assessing the economic impact that may pose&#8221;.<\/p>\n<p>addition, this Senator has warned Mato measures are &#8220;presentable for any politician with a minimum of vocation of public service and even more so for any Catholic politician whose actions should be imbued with Christian values&#8221;.<\/p>\n<p>&#8220;you remember of what help the weak and heal the sick. cure, not charge&#8221;, has espetado, accusing the Government of &#8220;profaning the current model of the health system&#8221;.<\/p>\n<p>for his part, the Minister has accused the Socialists of &#8220;Miss truth&#8221; and insisted that &#8220;all persons shall have a care free and public healthcare quality&#8221;.<\/p>\n<p>in Diesem Aspekt die Mato hat darauf bestanden, dass diejenigen, die mehr als 26 Jahren, die nicht es arbeiten auch abgedeckt, &#8220;Was passiert, ist bevor sie Nutznie\u00dfer der Eltern waren und jetzt ihr eigenes Recht auf Gesundheitsversorgung werden&#8221;.<\/p>\n<p>auch die pharmazeutische Selbstbeteiligung verteidigt hat und ist vorangeschritten, dass 89 Prozent der \u00e4lteren Menschen zahlen eine maximal 8 Euro pro Monat, w\u00e4hrend nur 3 Prozent mehr als 18 Euro bezahlen wird.<\/p>\n","protected":false},"excerpt":{"rendered":"<p>MADRID, 8 (EUROPA PRESS) am Dienstag im Plenum die Sozialistische Fraktion im Senat hat eine Reihe von Fragen an den Minister f\u00fcr Gesundheit, soziale Dienste und Geschlechter, Ana Mato, \u00fcber die Auswirkungen, die haben Schnitte der Vernunft unter den B\u00fcrgern, beschuldigen sie, dass &#8220;entweiht&#8221; Volksgesundheit und Rollback zu &#8220;Francos Zeiten&#8221;. so hat es der Senator [&hellip;]<\/p>\n","protected":false},"author":1,"featured_media":0,"comment_status":"close","ping_status":"open","sticky":false,"template":"","format":"standard","meta":{"footnotes":""},"categories":[3],"tags":[],"class_list":["post-32079","post","type-post","status-publish","format-standard","hentry","category-allgemeine","et-doesnt-have-format-content","et_post_format-et-post-format-standard"],"_links":{"self":[{"href":"https:\/\/www.best-dentist-dentistry.com\/de\/wp-json\/wp\/v2\/posts\/32079","targetHints":{"allow":["GET"]}}],"collection":[{"href":"https:\/\/www.best-dentist-dentistry.com\/de\/wp-json\/wp\/v2\/posts"}],"about":[{"href":"https:\/\/www.best-dentist-dentistry.com\/de\/wp-json\/wp\/v2\/types\/post"}],"author":[{"embeddable":true,"href":"https:\/\/www.best-dentist-dentistry.com\/de\/wp-json\/wp\/v2\/users\/1"}],"replies":[{"embeddable":true,"href":"https:\/\/www.best-dentist-dentistry.com\/de\/wp-json\/wp\/v2\/comments?post=32079"}],"version-history":[{"count":0,"href":"https:\/\/www.best-dentist-dentistry.com\/de\/wp-json\/wp\/v2\/posts\/32079\/revisions"}],"wp:attachment":[{"href":"https:\/\/www.best-dentist-dentistry.com\/de\/wp-json\/wp\/v2\/media?parent=32079"}],"wp:term":[{"taxonomy":"category","embeddable":true,"href":"https:\/\/www.best-dentist-dentistry.com\/de\/wp-json\/wp\/v2\/categories?post=32079"},{"taxonomy":"post_tag","embeddable":true,"href":"https:\/\/www.best-dentist-dentistry.com\/de\/wp-json\/wp\/v2\/tags?post=32079"}],"curies":[{"name":"wp","href":"https:\/\/api.w.org\/{rel}","templated":true}]}}