{"id":32129,"date":"2012-12-28T02:41:19","date_gmt":"2012-12-28T02:41:19","guid":{"rendered":null},"modified":"-0001-11-30T00:00:00","modified_gmt":"-0001-11-30T00:00:00","slug":"early-baldness-would-be-a-risk-factor-for-prostate-cancer","status":"publish","type":"post","link":"https:\/\/www.best-dentist-dentistry.com\/de\/early-baldness-would-be-a-risk-factor-for-prostate-cancer\/32129","title":{"rendered":"early baldness would be a risk factor for prostate cancer"},"content":{"rendered":"<p>&#8220;<\/p>\n<p class=\"first\"> New YORK (Reuters Health) &#8211; m\u00e4nnliche Glatze w\u00e4re ein<\/p>\n<p>unabh\u00e4ngig von Prostata-Krebs-Risikofaktor, nach<\/p>\n<p>deuten Ergebnisse einer Studie vorgelegt auf der Sitzung<\/p>\n<p>wissenschaftlicher Jahresbericht des American Association of Urology.<\/p>\n<p>&#8221; m\u00fcssen \u00fcberpr\u00fcft die Ergebnisse aber, wenn Sie gelingen, die<\/p>\n<p>Botschaft ist M\u00e4nner M\u00e4nner Glatze, besonders wenn sie jung sind, sind<\/p>\n<p>m\u00f6glicherweise hohes Risiko der Entwicklung von Prostatakrebs von<\/p>\n<p>sind sie daher sollten h\u00e4ufiger \u00fcberpr\u00fcfen und,<\/p>\n<p>m\u00f6glicherweise zuvor &#8220;, sagte der Hauptautor, Dr. Neil<\/p>\n<p>Fleshner, Krankenhaus Prinzessin Margarethe von Toronto in Kanada.<\/p>\n<p>in ihr studieren etwa 200 M\u00e4nner im Alter von 59 bis 70 Jahren, die<\/p>\n<p>Team auch beobachtet, dass Haarausfall mit der Beziehung kombiniert<\/p>\n<p>Finger L\u00e4nge nicht prognostiziert Prostatakrebs<\/p>\n<p>wie einige dachten.<\/p>\n<p>&#8220;&#8221;Androgens are involved in the development of pattern<\/p>\n<p>male baldness to inhibit the growth of the hair.<\/p>\n<p>they also have a role in the growth of cells<\/p>\n<p>prostate&#8221;, said Fleshner.<\/p>\n<p>&#8220;index and ring finger length ratio<\/p>\n<p>is also a marker of exposure to androgens: a low<\/p>\n<p>ratio indicates a high influence prenatal of the<\/p>\n<p>androgens&#8221;, added.<\/p>\n<p>Team Canada wanted to validate that relationship in a study<\/p>\n<p>prospective. authors gathered to 196 patients seen<\/p>\n<p>consecutively in his clinical derivatives to make a<\/p>\n<p>biopsy. had about 64 years; the result of the analysis<\/p>\n<p>PSA was 5.8.<\/p>\n<p>with a digital caliper measured you the length of the<\/p>\n<p>fingers. to assess the pattern of baldness a scale used<\/p>\n<p>0-4 (0 = low baldness and 4 = completely bald).<\/p>\n<p> < p&gt; In the analysis with a single variable, the pattern of baldness<\/p>\n<p>he was associated with the appearance of prostate, cancer not so<\/p>\n<p>the ratio of the length of the fingers.<\/p>\n<p>in the analysis of multiple variables, including the skipper of<\/p>\n<p>baldness and the relationship between fingers, as well as the age, the<\/p>\n<p>normal or abnormal rectal exam and PSA level, the pattern of<\/p>\n<p>baldness was retained as a predictor of significant cancer<\/p>\n<p>prostate.<\/p>\n<p>. the team also noted a dose-response effect: the<\/p>\n<p>more serious baldness was solidly associated with the detection<\/p>\n<p>of prostatic biopsies cancer<\/p>\n<p>&#8220;not only would be checked more frequently to the<\/p>\n<p>males with premature baldness, namely the 20 or 30 years, but<\/p>\n<p>also would have to increase values biopsies thresholds<\/p>\n<p>for that group&#8221;, indicated Fleshner.<\/p>\n<p> < p&gt; \"Ist eine neue Studie, die einen neuen Risikofaktor hinzuf\u00fcgt<\/p>\n<p>Potenzial f\u00fcr Prostatakrebs&#8221;, sagte Arzt Tobias<\/p>\n<p>Kohler, von der medizinischen Fakult\u00e4t der Southern Illinois<\/p>\n<p>University in Springfield.<\/p>\n<p>&#8220;nicht \u00e4nderbaren Risikofaktor ist, aber es gibt viele<\/p>\n<p>Risikofaktoren, dass sie nicht und sie n\u00fctzlich f\u00fcr w\u00e4ren die<\/p>\n<p>Pesquisa&#8221;, sagte der Experte.<\/p>\n<p>&#8220;Tools verwenden, um das Risiko der Schichtung<\/p>\n<p>Modus w\u00e4re dies eine weitere Patienten nehmen helfen<\/p>\n<p>, <\/p>\n<p>fundierte Entscheidungen \u00fcber, ob eine Biopsie gemacht werden sollte<\/p>\n<p>Wenn sind sie bei hohem Risiko und wie oft sie erfolgen sollte<\/p>\n<p>eine Pesquisa&#8221;, endete Kohler.<\/p>\n","protected":false},"excerpt":{"rendered":"<p>&#8220; New YORK (Reuters Health) &#8211; m\u00e4nnliche Glatze w\u00e4re ein unabh\u00e4ngig von Prostata-Krebs-Risikofaktor, nach deuten Ergebnisse einer Studie vorgelegt auf der Sitzung wissenschaftlicher Jahresbericht des American Association of Urology. &#8221; m\u00fcssen \u00fcberpr\u00fcft die Ergebnisse aber, wenn Sie gelingen, die Botschaft ist M\u00e4nner M\u00e4nner Glatze, besonders wenn sie jung sind, sind m\u00f6glicherweise hohes Risiko der Entwicklung [&hellip;]<\/p>\n","protected":false},"author":1,"featured_media":0,"comment_status":"close","ping_status":"open","sticky":false,"template":"","format":"standard","meta":{"footnotes":""},"categories":[3],"tags":[],"class_list":["post-32129","post","type-post","status-publish","format-standard","hentry","category-allgemeine","et-doesnt-have-format-content","et_post_format-et-post-format-standard"],"_links":{"self":[{"href":"https:\/\/www.best-dentist-dentistry.com\/de\/wp-json\/wp\/v2\/posts\/32129","targetHints":{"allow":["GET"]}}],"collection":[{"href":"https:\/\/www.best-dentist-dentistry.com\/de\/wp-json\/wp\/v2\/posts"}],"about":[{"href":"https:\/\/www.best-dentist-dentistry.com\/de\/wp-json\/wp\/v2\/types\/post"}],"author":[{"embeddable":true,"href":"https:\/\/www.best-dentist-dentistry.com\/de\/wp-json\/wp\/v2\/users\/1"}],"replies":[{"embeddable":true,"href":"https:\/\/www.best-dentist-dentistry.com\/de\/wp-json\/wp\/v2\/comments?post=32129"}],"version-history":[{"count":0,"href":"https:\/\/www.best-dentist-dentistry.com\/de\/wp-json\/wp\/v2\/posts\/32129\/revisions"}],"wp:attachment":[{"href":"https:\/\/www.best-dentist-dentistry.com\/de\/wp-json\/wp\/v2\/media?parent=32129"}],"wp:term":[{"taxonomy":"category","embeddable":true,"href":"https:\/\/www.best-dentist-dentistry.com\/de\/wp-json\/wp\/v2\/categories?post=32129"},{"taxonomy":"post_tag","embeddable":true,"href":"https:\/\/www.best-dentist-dentistry.com\/de\/wp-json\/wp\/v2\/tags?post=32129"}],"curies":[{"name":"wp","href":"https:\/\/api.w.org\/{rel}","templated":true}]}}