{"id":32238,"date":"2012-12-28T03:35:54","date_gmt":"2012-12-28T03:35:54","guid":{"rendered":null},"modified":"-0001-11-30T00:00:00","modified_gmt":"-0001-11-30T00:00:00","slug":"the-csit-union-called-a-strike-in-the-health-on-17-and-18-december","status":"publish","type":"post","link":"https:\/\/www.best-dentist-dentistry.com\/de\/the-csit-union-called-a-strike-in-the-health-on-17-and-18-december\/32238","title":{"rendered":"the csit union called a strike in the health on 17 and 18 december"},"content":{"rendered":"<p class=\"first\"> Madrid, 7 Dec (EFE).-der Union sitzen-Union Professional nennt einen Streik aller Besch\u00e4ftigten im Gesundheitswesen Madrid am kommenden Montag und Dienstag, am 17. und 18 Dezember, zum &#8220;dr\u00fccken&#8221; der regionalen Regierung seine &#8220;Privatisierung&#8221;Pl\u00e4ne zur\u00fcckzuziehen.<\/p>\n<p>sitzen, geh\u00f6rt der sektoralen Gesundheit Bureau und beteiligt sich an den Aufruf unit\u00e4ren Streik gemeinsam vorgelegten Satse, Amyts, UGT und CCOO, USAE vom 19. und 20. Dezember, hat beschlossen, zwei weitere Tage, um &#8220;den festlichen Stress beizubehalten&#8221; einzuberufen.<\/p>\n<p>so seine Sekret\u00e4rin der Gesundheit, sagte es erz\u00e4hlt Efe Jes\u00fas Gonz\u00e1lez, die den Anruf an die Notwendigkeit, &#8220;erh\u00f6hen Druck vor der Annahme von der Versammlung der Haushalte f\u00fcr den Zeitraum 2013 Madrid seit nach der Verabschiedung des Gesetzes, wenig k\u00f6nnen Sie verhandeln&#8221; gerechtfertigt hat.<\/p>\n<p> &lt; p&gt; Gonz\u00e1lez hat erkl\u00e4rt, dass es Streik aufgezeichnet am vergangenen Mittwoch, zu der Zeit, dass es auf der Pressekonferenz mit den anderen f\u00fcnf Gewerkschaften in der sektoralen Tabelle den gemeinsamen Kalender der Mobilisierungen f\u00fcr die n\u00e4chste Woche angek\u00fcndigt.<\/p>\n<p>sitzen Stop wird zeitgleich am Montag und Dienstag mit den unbefristeten Streik der \u00c4rzte, dass die Vereinigung der \u00c4rzte Spezialisten Madrid (AFEM), der dritten Woche in Folge, von Montag bis Donnerstag 20 der Dezember. 17 beschw\u00f6rt<\/p>\n<p>sitzen hinaus weiter ihren Streik, diesmal zusammen mit weiteren f\u00fcnf Gewerkschaften der sektoralen Tabelle, Mittwoch 19 Tage in Krankenh\u00e4usern, und 20.Tag Donnerstag in den medizinischen Zentren, Notaufnahme Summa 112 und die Mitarbeiter des Ministeriums f\u00fcr Gesundheit.<\/p>\n<p>Gonzalez sagte, dass &#8220;st\u00fctzt sich auf die Einberufung macht Ihre&#8221; Organisation&#8221;, zwei Tage der Arbeitslosigkeit allein in Bezug auf die anderen Gewerkschaften der sektoralen Tabelle und zur\u00fcckgerufenen registrieren, dass die Organisation vertreten einige der Sektor Gesundheit Gewerkschaften integriert<\/p>\n<p>geh\u00f6ren f\u00f6derierten in Gewerkschaften sitzen \u00c4rzte SIME, zus\u00e4tzliche Pflege EISAS, Absolventen und Universit\u00e4t Krankenpflege SIPEM Sanit\u00e4r Spezialisten Websites, oder Hausmeister der Gesundheit SCS.<\/p>\n<p>sagt, sitzen in einer Notiz, Ausf\u00e4lle sind durch&#8221;mangelnde Sensibilit\u00e4t im Ministerium f\u00fcr Gesundheit und ihre Weigerung&#8221;erf\u00fcllen die Vorschl\u00e4ge, Forderungen und Proteste, die seit der verschiedenen Gewerkschaften, wissenschaftliche Organisationen und B\u00fcrger gegen die Umstrukturierung der \u00f6ffentlichen Gesundheit durchgef\u00fchrt wurden.<\/p>\n","protected":false},"excerpt":{"rendered":"<p>Madrid, 7 Dec (EFE).-der Union sitzen-Union Professional nennt einen Streik aller Besch\u00e4ftigten im Gesundheitswesen Madrid am kommenden Montag und Dienstag, am 17. und 18 Dezember, zum &#8220;dr\u00fccken&#8221; der regionalen Regierung seine &#8220;Privatisierung&#8221;Pl\u00e4ne zur\u00fcckzuziehen. sitzen, geh\u00f6rt der sektoralen Gesundheit Bureau und beteiligt sich an den Aufruf unit\u00e4ren Streik gemeinsam vorgelegten Satse, Amyts, UGT und CCOO, USAE [&hellip;]<\/p>\n","protected":false},"author":1,"featured_media":0,"comment_status":"close","ping_status":"open","sticky":false,"template":"","format":"standard","meta":{"footnotes":""},"categories":[3],"tags":[],"class_list":["post-32238","post","type-post","status-publish","format-standard","hentry","category-allgemeine","et-doesnt-have-format-content","et_post_format-et-post-format-standard"],"_links":{"self":[{"href":"https:\/\/www.best-dentist-dentistry.com\/de\/wp-json\/wp\/v2\/posts\/32238","targetHints":{"allow":["GET"]}}],"collection":[{"href":"https:\/\/www.best-dentist-dentistry.com\/de\/wp-json\/wp\/v2\/posts"}],"about":[{"href":"https:\/\/www.best-dentist-dentistry.com\/de\/wp-json\/wp\/v2\/types\/post"}],"author":[{"embeddable":true,"href":"https:\/\/www.best-dentist-dentistry.com\/de\/wp-json\/wp\/v2\/users\/1"}],"replies":[{"embeddable":true,"href":"https:\/\/www.best-dentist-dentistry.com\/de\/wp-json\/wp\/v2\/comments?post=32238"}],"version-history":[{"count":0,"href":"https:\/\/www.best-dentist-dentistry.com\/de\/wp-json\/wp\/v2\/posts\/32238\/revisions"}],"wp:attachment":[{"href":"https:\/\/www.best-dentist-dentistry.com\/de\/wp-json\/wp\/v2\/media?parent=32238"}],"wp:term":[{"taxonomy":"category","embeddable":true,"href":"https:\/\/www.best-dentist-dentistry.com\/de\/wp-json\/wp\/v2\/categories?post=32238"},{"taxonomy":"post_tag","embeddable":true,"href":"https:\/\/www.best-dentist-dentistry.com\/de\/wp-json\/wp\/v2\/tags?post=32238"}],"curies":[{"name":"wp","href":"https:\/\/api.w.org\/{rel}","templated":true}]}}