{"id":32245,"date":"2012-12-28T03:36:52","date_gmt":"2012-12-28T03:36:52","guid":{"rendered":null},"modified":"-0001-11-30T00:00:00","modified_gmt":"-0001-11-30T00:00:00","slug":"doctors-in-madrid-manifested-this-noon-from-neptune-to-sun","status":"publish","type":"post","link":"https:\/\/www.best-dentist-dentistry.com\/de\/doctors-in-madrid-manifested-this-noon-from-neptune-to-sun\/32245","title":{"rendered":"doctors in madrid manifested this noon from neptune to sun"},"content":{"rendered":"<p class=\"first\"> Madrid, 7 Dec (EFE).-manifestiert sich die Vereinigung der \u00c4rzte Spezialisten von Madrid (AFEM) von heute Mittag in Madrid, in Marsch, die sie von der Plaza de Neptuno zur Puerta del Sol stattfinden wird, bei der Verteidigung der \u00f6ffentlichen Gesundheit und aus Protest gegen &#8220;Privatisierung Pl\u00e4ne&#8221; der regionalen, entsprechend den Ausstellungsst\u00e4nden. Regierung<\/p>\n<p>M\u00e4rz, unter der Leitung von einem Banner mit dem Slogan &#8220;Wir sind medizinische, wir sind Patienten, die wir verteidigen die \u00f6ffentliche Gesundheit&#8221;, hat begonnen, \u00fcbergibt Mittag Stunden in Neptune und beabsichtigt, im Sonnenlicht, die durch Cibeles. beenden<\/p>\n<p>dieser Demo werden zum Auftakt der dritten Woche des unbefristeten Streiks der \u00c4rzte, die AFEM Wiederholen jede Woche von Montag bis Donnerstag, fordern die R\u00fccknahme des Plans der Ma\u00dfnahmen f\u00fcr die Nachhaltigkeit der \u00f6ffentlichen Gesundheit in den regionalen Regierung soll.<\/p>\n<p>die Demonstranten tragen verschiedene Plakate der &#8220;Verkauft&#8221; mit dem Namen von einigen \u00f6ffentlichen Krankenh\u00e4usern als Infantin Eleonore, Infantin Sofia, Infantin Cristina, der Henares, im S\u00fcdosten und dem Tajo.<\/p>\n","protected":false},"excerpt":{"rendered":"<p>Madrid, 7 Dec (EFE).-manifestiert sich die Vereinigung der \u00c4rzte Spezialisten von Madrid (AFEM) von heute Mittag in Madrid, in Marsch, die sie von der Plaza de Neptuno zur Puerta del Sol stattfinden wird, bei der Verteidigung der \u00f6ffentlichen Gesundheit und aus Protest gegen &#8220;Privatisierung Pl\u00e4ne&#8221; der regionalen, entsprechend den Ausstellungsst\u00e4nden. Regierung M\u00e4rz, unter der Leitung [&hellip;]<\/p>\n","protected":false},"author":1,"featured_media":0,"comment_status":"close","ping_status":"open","sticky":false,"template":"","format":"standard","meta":{"footnotes":""},"categories":[3],"tags":[],"class_list":["post-32245","post","type-post","status-publish","format-standard","hentry","category-allgemeine","et-doesnt-have-format-content","et_post_format-et-post-format-standard"],"_links":{"self":[{"href":"https:\/\/www.best-dentist-dentistry.com\/de\/wp-json\/wp\/v2\/posts\/32245","targetHints":{"allow":["GET"]}}],"collection":[{"href":"https:\/\/www.best-dentist-dentistry.com\/de\/wp-json\/wp\/v2\/posts"}],"about":[{"href":"https:\/\/www.best-dentist-dentistry.com\/de\/wp-json\/wp\/v2\/types\/post"}],"author":[{"embeddable":true,"href":"https:\/\/www.best-dentist-dentistry.com\/de\/wp-json\/wp\/v2\/users\/1"}],"replies":[{"embeddable":true,"href":"https:\/\/www.best-dentist-dentistry.com\/de\/wp-json\/wp\/v2\/comments?post=32245"}],"version-history":[{"count":0,"href":"https:\/\/www.best-dentist-dentistry.com\/de\/wp-json\/wp\/v2\/posts\/32245\/revisions"}],"wp:attachment":[{"href":"https:\/\/www.best-dentist-dentistry.com\/de\/wp-json\/wp\/v2\/media?parent=32245"}],"wp:term":[{"taxonomy":"category","embeddable":true,"href":"https:\/\/www.best-dentist-dentistry.com\/de\/wp-json\/wp\/v2\/categories?post=32245"},{"taxonomy":"post_tag","embeddable":true,"href":"https:\/\/www.best-dentist-dentistry.com\/de\/wp-json\/wp\/v2\/tags?post=32245"}],"curies":[{"name":"wp","href":"https:\/\/api.w.org\/{rel}","templated":true}]}}