{"id":32359,"date":"2012-12-29T02:50:33","date_gmt":"2012-12-29T02:50:33","guid":{"rendered":null},"modified":"-0001-11-30T00:00:00","modified_gmt":"-0001-11-30T00:00:00","slug":"the-colombian-vice-president-remains-stable-and-ventilatory-support","status":"publish","type":"post","link":"https:\/\/www.best-dentist-dentistry.com\/de\/the-colombian-vice-president-remains-stable-and-ventilatory-support\/32359","title":{"rendered":"the colombian vice president remains stable and ventilatory support"},"content":{"rendered":"<p class=\"first\"> Bogota, 26 jun (EFE).-the Colombian, Vice President Angelino Garzon, hospitalized since last June 14, today remains &#8220;stable&#8221; and &#8220;support ventilatory&#8221;, according to the medical part issued Tuesday by clinic Reina Sofia de Bogot\u00e1, in which it is held.<\/p>\n<p>Garz\u00f3n of 65 years, according to the report, &#8220;continues in the intensive care unit, with support ventilatory, clinically stable with respect to the evolution of yesterday&rsquo;.<\/p>\n<p>Register&#8221;something new in the health status of the patient&#8221;, and after the authorization of the family, the clinical&#8221;it shall inform it in a timely manner&#8221;, concludes the brief part, signed by the Chief Scientist of the institution, Andr\u00e9s Caballero Arteaga.<\/p>\n<p>past day 18 Vice President was subjected to a&#8221;brain rest&#8221;induced to prevent a possible deterioration of the area affected by the injury, the midbrain, which commits several functions, according to doctors.<\/p>\n<p>the ehemalige Gewerkschaft war der Vice Presidential Formel Juan Manuel Santos und zusammen nahm ihren Posten am 7. August 2010.<\/p>\n<p>der ehemaligen Gewerkschaft bereits erf\u00fcllt zwei Wochen in der Klinik eingegeben und es war zu Beginn einer Infektion der Prostata, aber nach ein paar Tagen im Krankenhaus Centre pr\u00e4sentiert Strich als am Montag der letzten Woche wurde betrieben von Dringlichkeit.<\/p>\n<p>unter anderen Abgaben, Garzon war Minister in der Regierung von Andr\u00e9s Pastrana (1998-2002) und Botschafter in Genf bei den Vereinten Nationen w\u00e4hrend der Pr\u00e4sidentschaft \u00c1lvaro Uribe (2002-2010).<\/p>\n<p>da er seinen Posten \u00fcbernahm, hat Garzon aufgrund regelm\u00e4\u00dfige \u00e4rztliche Kontrollen zu unterziehen und ist verpflichtet, eine spezielle Di\u00e4t zu tragen. EFE<\/p>\n","protected":false},"excerpt":{"rendered":"<p>Bogota, 26 jun (EFE).-the Colombian, Vice President Angelino Garzon, hospitalized since last June 14, today remains &#8220;stable&#8221; and &#8220;support ventilatory&#8221;, according to the medical part issued Tuesday by clinic Reina Sofia de Bogot\u00e1, in which it is held. Garz\u00f3n of 65 years, according to the report, &#8220;continues in the intensive care unit, with support ventilatory, [&hellip;]<\/p>\n","protected":false},"author":1,"featured_media":0,"comment_status":"close","ping_status":"open","sticky":false,"template":"","format":"standard","meta":{"footnotes":""},"categories":[3],"tags":[],"class_list":["post-32359","post","type-post","status-publish","format-standard","hentry","category-allgemeine","et-doesnt-have-format-content","et_post_format-et-post-format-standard"],"_links":{"self":[{"href":"https:\/\/www.best-dentist-dentistry.com\/de\/wp-json\/wp\/v2\/posts\/32359","targetHints":{"allow":["GET"]}}],"collection":[{"href":"https:\/\/www.best-dentist-dentistry.com\/de\/wp-json\/wp\/v2\/posts"}],"about":[{"href":"https:\/\/www.best-dentist-dentistry.com\/de\/wp-json\/wp\/v2\/types\/post"}],"author":[{"embeddable":true,"href":"https:\/\/www.best-dentist-dentistry.com\/de\/wp-json\/wp\/v2\/users\/1"}],"replies":[{"embeddable":true,"href":"https:\/\/www.best-dentist-dentistry.com\/de\/wp-json\/wp\/v2\/comments?post=32359"}],"version-history":[{"count":0,"href":"https:\/\/www.best-dentist-dentistry.com\/de\/wp-json\/wp\/v2\/posts\/32359\/revisions"}],"wp:attachment":[{"href":"https:\/\/www.best-dentist-dentistry.com\/de\/wp-json\/wp\/v2\/media?parent=32359"}],"wp:term":[{"taxonomy":"category","embeddable":true,"href":"https:\/\/www.best-dentist-dentistry.com\/de\/wp-json\/wp\/v2\/categories?post=32359"},{"taxonomy":"post_tag","embeddable":true,"href":"https:\/\/www.best-dentist-dentistry.com\/de\/wp-json\/wp\/v2\/tags?post=32359"}],"curies":[{"name":"wp","href":"https:\/\/api.w.org\/{rel}","templated":true}]}}