{"id":32485,"date":"2012-12-30T03:21:07","date_gmt":"2012-12-30T03:21:07","guid":{"rendered":null},"modified":"-0001-11-30T00:00:00","modified_gmt":"-0001-11-30T00:00:00","slug":"daa-de-muertos-mexican-pays-homage-to-the-indigenous-peoples-of-pre-columbian-medicine","status":"publish","type":"post","link":"https:\/\/www.best-dentist-dentistry.com\/de\/daa-de-muertos-mexican-pays-homage-to-the-indigenous-peoples-of-pre-columbian-medicine\/32485","title":{"rendered":"daa de muertos mexican pays homage to the indigenous peoples of pre columbian medicine"},"content":{"rendered":"<p class=\"first\"> Lissabon, 6 nov (EFE).-Mexiko stellt die Tradition des &#8220;Day of the Dead&#8221; in Lissabon mit dem Altar zu Ehren f\u00fcr die Aborigines, die kompiliert in der &#8220;Codex De la Cruz-Badiano&#8221; Prehispanic Medizin.<\/p>\n<p>&#8220;Gestern und heute &#8211; aus der pr\u00e4kolumbischen Mexiko Mexiko aktuelle&#8221; soll die uralte Tradition des &#8220;Day of the Dead&#8221; ver\u00f6ffentlichen unter Hinweis auf diese beiden Zahlen der Medizin, und legte es in Bezug auf Form, ist heute noch &#8220;lebendig&#8221; in das Land der Azteken diese gro\u00dfe Anerkennung in America. Partei<\/p>\n<p>eine Feier dieser Speicher-Menschen, die war wichtig, sowohl f\u00fcr ihre Familien, f\u00fcr das Land &#8220;zu nehmen&#8221;, erkl\u00e4rt zu Efe Sprecher der Botschaft von Mexiko in Portugal, markieren die Zahlen des Doktor Martin De La Cruz und Schreiber und \u00dcbersetzers Juan Badiano.<\/p>\n<p>beide zusammengestellt, der Kodex hei\u00dft wissen, haupts\u00e4chlich auf Kr\u00e4uter aus der aztekischen Tradition mit einigen europ\u00e4ischen Ursprungs, 1552 und seine Faksimile Bilder k\u00f6nnen man in das Museum der Apotheke Lissabon bis 29. Januar.<\/p>\n<p>El Codex sammelt 185 detaillierte Bilder von einheimischen Pflanzen sowie die Darstellung der verwendet werden soll, zur Behandlung von Krankheiten wie Angina Pectoris oder induzieren eine Geburt.<\/p>\n<p>die urspr\u00fcnglich in der Nahuatl-Sprache geschrieben und sp\u00e4ter ins Lateinische \u00fcbersetzt, war ein Geschenk an die spanischen K\u00f6nigs Carlos i. der fehlenden in realen Bibliotheken bis zum Beginn des letzten Jahrhunderts,, wann kamen blieb nach \u00dcbergabe durch die H\u00e4nde der Kardinal, in den Archiven Vatikan.<\/p>\n<p>schlie\u00dflich, den Papst Juan Pablo II kehrte es in Mexikaner bei seinem Besuch in dem Land 1992.<\/p>\n<p>f\u00fcr vervollst\u00e4ndigen Sie wissen der Feier des &#8220;Day of the Dead&#8221; beide diese Textanzeige wird erg\u00e4nzt durch eine Konferenz und zwei Filmen.<\/p>\n<p>neben diesem Exponat, f\u00f6rdern die Kenntnis der mexikanischen Kultur auch pr\u00e4sentiert werden die portugiesischen \u00d6ffentlichkeit dieses Monats November in der Monserrate Palace, in die Stadt Sintra (jeweils 30 km von Lissabon), Alt\u00e4re des Tages des Schriftstellers Juan Rulfo tot oder der portugiesischen Musiker Ant\u00f3nio Varia\u00e7\u00f5es, unter anderem gewidmet.<\/p>\n","protected":false},"excerpt":{"rendered":"<p>Lissabon, 6 nov (EFE).-Mexiko stellt die Tradition des &#8220;Day of the Dead&#8221; in Lissabon mit dem Altar zu Ehren f\u00fcr die Aborigines, die kompiliert in der &#8220;Codex De la Cruz-Badiano&#8221; Prehispanic Medizin. &#8220;Gestern und heute &#8211; aus der pr\u00e4kolumbischen Mexiko Mexiko aktuelle&#8221; soll die uralte Tradition des &#8220;Day of the Dead&#8221; ver\u00f6ffentlichen unter Hinweis auf [&hellip;]<\/p>\n","protected":false},"author":1,"featured_media":0,"comment_status":"close","ping_status":"open","sticky":false,"template":"","format":"standard","meta":{"footnotes":""},"categories":[3],"tags":[],"class_list":["post-32485","post","type-post","status-publish","format-standard","hentry","category-allgemeine","et-doesnt-have-format-content","et_post_format-et-post-format-standard"],"_links":{"self":[{"href":"https:\/\/www.best-dentist-dentistry.com\/de\/wp-json\/wp\/v2\/posts\/32485","targetHints":{"allow":["GET"]}}],"collection":[{"href":"https:\/\/www.best-dentist-dentistry.com\/de\/wp-json\/wp\/v2\/posts"}],"about":[{"href":"https:\/\/www.best-dentist-dentistry.com\/de\/wp-json\/wp\/v2\/types\/post"}],"author":[{"embeddable":true,"href":"https:\/\/www.best-dentist-dentistry.com\/de\/wp-json\/wp\/v2\/users\/1"}],"replies":[{"embeddable":true,"href":"https:\/\/www.best-dentist-dentistry.com\/de\/wp-json\/wp\/v2\/comments?post=32485"}],"version-history":[{"count":0,"href":"https:\/\/www.best-dentist-dentistry.com\/de\/wp-json\/wp\/v2\/posts\/32485\/revisions"}],"wp:attachment":[{"href":"https:\/\/www.best-dentist-dentistry.com\/de\/wp-json\/wp\/v2\/media?parent=32485"}],"wp:term":[{"taxonomy":"category","embeddable":true,"href":"https:\/\/www.best-dentist-dentistry.com\/de\/wp-json\/wp\/v2\/categories?post=32485"},{"taxonomy":"post_tag","embeddable":true,"href":"https:\/\/www.best-dentist-dentistry.com\/de\/wp-json\/wp\/v2\/tags?post=32485"}],"curies":[{"name":"wp","href":"https:\/\/api.w.org\/{rel}","templated":true}]}}