{"id":32585,"date":"2012-12-31T02:42:53","date_gmt":"2012-12-31T02:42:53","guid":{"rendered":null},"modified":"-0001-11-30T00:00:00","modified_gmt":"-0001-11-30T00:00:00","slug":"rise-to-57-cases-of-influenza-a-in-el-salvador-without-fatalities","status":"publish","type":"post","link":"https:\/\/www.best-dentist-dentistry.com\/de\/rise-to-57-cases-of-influenza-a-in-el-salvador-without-fatalities\/32585","title":{"rendered":"rise to 57 cases of influenza a in el salvador without fatalities"},"content":{"rendered":"<p class=\"first\"> San Salvador, 30. Mai (EFE).-El Ministerio de Salud de El Salvador Confirm\u00f3 Hoy Que de Los \u00daltimos D\u00edas Se Han Adresse al Menos Siete Nuevos Casos De La Gripe A, con lo Que la Cifra Derni\u00e8res a 57 de lo Que va del A\u00f1o, sin V\u00edctimas Mortales.<\/p>\n<p>&#8220;Llevamos 57 Casos&#8221; De La Gripe A de el Pa\u00eds, Dijo a la Prensa el Direktor de Vigilancia Sanitaria del Ministerio de Salud Salvadore\u00f1o, Julio Armero.<\/p>\n<p>Destac\u00f3 Que Los Siete Casos Nuevos Se Han Adresse de Los Departamentos de San Salvador y Cuscatl\u00e1n, 33 Kil\u00f3metros al Este De La Hauptstadt Salvadore\u00f1a.<\/p>\n<p>Pese al Repunte de las \u00daltimas Semanas, las Autoridades Sanitarias Han Descartado Una Epidemia De La Enfermedad, Que Hasta el Momento kein ha Ocasionado V\u00edctimas Mortales.<\/p>\n<p>Armero Reconoci\u00f3 Que Actualmente de el Pa\u00eds Heu &#8220;Una Alta Circulaci\u00f3n del Virus AH1N1&#8221;, Por lo Que Llam\u00f3 a la Poblaci\u00f3n a Tomar las Medidas Necesarias Para Evitar M\u00e1s Contagios.<\/p>\n<p>Tambi\u00e9n Er befahl B\u00fcrger zu Gesundheitszentren, die vorbeugende Impfung besonders gef\u00e4hrdeten Bev\u00f6lkerungsgruppen als \u00e4ltere Menschen \u00fcber 60 Jahre, Kinder und schwangere Frauen hervorgehoben implementieren gehen.<\/p>\n<p>nach Sanit\u00e4r Beh\u00f6rden der gemeinsamen Grippe und das Virus zirkuliert mehr zwischen Juni und August, also am Anfang Mai dieses Jahres das Gesundheitsministerium eine Kampagne der Impfung zu Ebene National begann.<\/p>\n<p>in der Kampagne, die Morgen endet und in dem es auch immunisiert gegen Masern und R\u00f6teln, mehr als 1,4 Millionen Dosen f\u00fcr Kinder und Erwachsene, nach den offiziellen Angaben gelten. EFE<\/p>\n","protected":false},"excerpt":{"rendered":"<p>San Salvador, 30. Mai (EFE).-El Ministerio de Salud de El Salvador Confirm\u00f3 Hoy Que de Los \u00daltimos D\u00edas Se Han Adresse al Menos Siete Nuevos Casos De La Gripe A, con lo Que la Cifra Derni\u00e8res a 57 de lo Que va del A\u00f1o, sin V\u00edctimas Mortales. &#8220;Llevamos 57 Casos&#8221; De La Gripe A de [&hellip;]<\/p>\n","protected":false},"author":1,"featured_media":0,"comment_status":"close","ping_status":"open","sticky":false,"template":"","format":"standard","meta":{"footnotes":""},"categories":[3],"tags":[],"class_list":["post-32585","post","type-post","status-publish","format-standard","hentry","category-allgemeine","et-doesnt-have-format-content","et_post_format-et-post-format-standard"],"_links":{"self":[{"href":"https:\/\/www.best-dentist-dentistry.com\/de\/wp-json\/wp\/v2\/posts\/32585","targetHints":{"allow":["GET"]}}],"collection":[{"href":"https:\/\/www.best-dentist-dentistry.com\/de\/wp-json\/wp\/v2\/posts"}],"about":[{"href":"https:\/\/www.best-dentist-dentistry.com\/de\/wp-json\/wp\/v2\/types\/post"}],"author":[{"embeddable":true,"href":"https:\/\/www.best-dentist-dentistry.com\/de\/wp-json\/wp\/v2\/users\/1"}],"replies":[{"embeddable":true,"href":"https:\/\/www.best-dentist-dentistry.com\/de\/wp-json\/wp\/v2\/comments?post=32585"}],"version-history":[{"count":0,"href":"https:\/\/www.best-dentist-dentistry.com\/de\/wp-json\/wp\/v2\/posts\/32585\/revisions"}],"wp:attachment":[{"href":"https:\/\/www.best-dentist-dentistry.com\/de\/wp-json\/wp\/v2\/media?parent=32585"}],"wp:term":[{"taxonomy":"category","embeddable":true,"href":"https:\/\/www.best-dentist-dentistry.com\/de\/wp-json\/wp\/v2\/categories?post=32585"},{"taxonomy":"post_tag","embeddable":true,"href":"https:\/\/www.best-dentist-dentistry.com\/de\/wp-json\/wp\/v2\/tags?post=32585"}],"curies":[{"name":"wp","href":"https:\/\/api.w.org\/{rel}","templated":true}]}}