{"id":32623,"date":"2012-12-31T02:52:28","date_gmt":"2012-12-31T02:52:28","guid":{"rendered":null},"modified":"-0001-11-30T00:00:00","modified_gmt":"-0001-11-30T00:00:00","slug":"culture-in-a-manifesto-rejects-cuts-in-health-and-education","status":"publish","type":"post","link":"https:\/\/www.best-dentist-dentistry.com\/de\/culture-in-a-manifesto-rejects-cuts-in-health-and-education\/32623","title":{"rendered":"culture in a manifesto rejects cuts in health and education"},"content":{"rendered":"<p class=\"first\"> Madrid, 30 jun (EFE).-Zahl von Vertretern aus der Welt der Kultur, unter Ihnen Luis Garc\u00eda Montero, Almudena Grandes, Miguel R\u00edos, Jos\u00e9 Sacrist\u00e1n, Joaqu\u00edn Sabina oder Pilar Bardem, unterzeichneten ein Manifest zur Verteidigung der Gesundheitswesen und \u00f6ffentliche Bildung, Ablehnung Schnitte durchgef\u00fchrt, die von der Regierung.<\/p>\n<p>in das Manifest gelesen von Schauspielern Gloria Mu\u00f1oz und Pedro Miguel Mart\u00ednez, ausgedr\u00fcckt, seine &#8220;Sorge und entschiedener Ablehnung der drastischen K\u00fcrzungen, die unter dem Vorwand der Krise, von der Regierung f\u00fcr \u00f6ffentliche Bildung und Gesundheit durchgef\u00fchrt&#8221;.<\/p>\n<p>diese zwei Bereiche sind, dass eine &#8220;nicht verzichtbare Eroberung&#8221; f\u00fcr die Unterzeichner des Manifests der Demokratie, ohne die kaum sprechen konnte, der sozialen Gerechtigkeit, und noch weniger von Chancengleichheit.<\/p>\n<p>in diesem SinneSie glauben, dass Bildung ist eine &#8220;grundlegende S\u00e4ule f\u00fcr das pers\u00f6nliche Wachstum des einzelnen&#8221; und die medizinische Versorgung eine &#8220;Garantie des Respekts f\u00fcr das unver\u00e4u\u00dferliche Recht ist, dass jeder B\u00fcrger eine anst\u00e4ndige medizinische Versorgung hat&#8221;.<\/p>\n<p>Manifest erstellen besorgniserregend Modell, das auferlegen von Regierung, die &#8220;eher&#8221; Gettos zu erstellen und die L\u00fccke des wirtschaftlichen und sozialen Ungleichheiten zu vertiefen will.<\/p>\n<p>Obwohl die K\u00fcrzungen als unerw\u00fcnscht aber unvermeidliche Konsequenz unterbreitet wurden, Manifest der Auffassung, dass all dies in &#8220;the Politics of Subtraktion von Ressourcen f\u00fcr die \u00f6ffentliche Gesundheit, zum Wohle der Privada-Concertada Bildung und Schule&#8221; ist.<\/p>\n<p>im Laufe der Veranstaltung, unter der Leitung von Professor f\u00fcr sekund\u00e4re Miguel \u00c1ngel S\u00e1nchez, der Dichter Luis Garc\u00eda Montero und der Sprecher der Zusammenschluss der Verb\u00e4nde f\u00fcr die Verteidigung der Volksgesundheit und Leiter der Sektion P\u00e4diatrie Krankenhaus Kind Jesus, Madrid, Marciano S\u00e1nchez Bayle, denunziert \u00dcberf\u00fcllung der Klassenr\u00e4ume, die verursachen die K\u00fcrzungen.<\/p>\n<p>kritisierten auch die \u00dcberladung der Stunden f\u00fcr Lehrer, nicht die Abdeckung der Opfer der Fakult\u00e4t erst innerhalb der letzten zehn Tage, Verringerung der Lehrer oder die M\u00f6glichkeit des Unterrichts der Universit\u00e4ten sind privatisierten \u00f6ffentlichen.<\/p>\n<p>daher Manifest verweist auf das Recht eines jeden B\u00fcrgers, eine anst\u00e4ndige Qualit\u00e4t der Gesundheitsversorgung, und Bildung erhalten und betont, dass, wenn nicht verbessert, die Forschung, Entwicklung und Innovation, &#8220;die Zukunft des Landes ist Wille Einleitung in den Papierkorb&#8221;.<\/p>\n<p>sowie Vertreter der Welt der Kultur, wurde von Manifest unterzeichnet Angeh\u00f6rigen in die Welt der Politik als Gaspar Llamazares, Trinidad Jim\u00e9nez, Rechtsanwalt Cristina Almeida, der Koordinator der IU Julio Anguita und zahlreichen Besch\u00e4ftigten im Gesundheits- und Bildungswesen System allgemeine.<\/p>\n","protected":false},"excerpt":{"rendered":"<p>Madrid, 30 jun (EFE).-Zahl von Vertretern aus der Welt der Kultur, unter Ihnen Luis Garc\u00eda Montero, Almudena Grandes, Miguel R\u00edos, Jos\u00e9 Sacrist\u00e1n, Joaqu\u00edn Sabina oder Pilar Bardem, unterzeichneten ein Manifest zur Verteidigung der Gesundheitswesen und \u00f6ffentliche Bildung, Ablehnung Schnitte durchgef\u00fchrt, die von der Regierung. in das Manifest gelesen von Schauspielern Gloria Mu\u00f1oz und Pedro Miguel [&hellip;]<\/p>\n","protected":false},"author":1,"featured_media":0,"comment_status":"close","ping_status":"open","sticky":false,"template":"","format":"standard","meta":{"footnotes":""},"categories":[3],"tags":[],"class_list":["post-32623","post","type-post","status-publish","format-standard","hentry","category-allgemeine","et-doesnt-have-format-content","et_post_format-et-post-format-standard"],"_links":{"self":[{"href":"https:\/\/www.best-dentist-dentistry.com\/de\/wp-json\/wp\/v2\/posts\/32623","targetHints":{"allow":["GET"]}}],"collection":[{"href":"https:\/\/www.best-dentist-dentistry.com\/de\/wp-json\/wp\/v2\/posts"}],"about":[{"href":"https:\/\/www.best-dentist-dentistry.com\/de\/wp-json\/wp\/v2\/types\/post"}],"author":[{"embeddable":true,"href":"https:\/\/www.best-dentist-dentistry.com\/de\/wp-json\/wp\/v2\/users\/1"}],"replies":[{"embeddable":true,"href":"https:\/\/www.best-dentist-dentistry.com\/de\/wp-json\/wp\/v2\/comments?post=32623"}],"version-history":[{"count":0,"href":"https:\/\/www.best-dentist-dentistry.com\/de\/wp-json\/wp\/v2\/posts\/32623\/revisions"}],"wp:attachment":[{"href":"https:\/\/www.best-dentist-dentistry.com\/de\/wp-json\/wp\/v2\/media?parent=32623"}],"wp:term":[{"taxonomy":"category","embeddable":true,"href":"https:\/\/www.best-dentist-dentistry.com\/de\/wp-json\/wp\/v2\/categories?post=32623"},{"taxonomy":"post_tag","embeddable":true,"href":"https:\/\/www.best-dentist-dentistry.com\/de\/wp-json\/wp\/v2\/tags?post=32623"}],"curies":[{"name":"wp","href":"https:\/\/api.w.org\/{rel}","templated":true}]}}