{"id":32654,"date":"2012-12-31T03:25:42","date_gmt":"2012-12-31T03:25:42","guid":{"rendered":null},"modified":"-0001-11-30T00:00:00","modified_gmt":"-0001-11-30T00:00:00","slug":"spain-and-several-regions-in-brussels-exposed-plans-of-active-ageing","status":"publish","type":"post","link":"https:\/\/www.best-dentist-dentistry.com\/de\/spain-and-several-regions-in-brussels-exposed-plans-of-active-ageing\/32654","title":{"rendered":"Spanien und mehrere Regionen in Br\u00fcssel gemachten Pl\u00e4ne des aktiven Alterns"},"content":{"rendered":"<p class=\"first\"> Br\u00fcssel, 6 nov (EFE).-die Regierung von Spanien und Valencia, Galizien, Baskenland und in Madrid, Beh\u00f6rden legte heute in Br\u00fcssel die Projekte, die einen zur Europ\u00e4ischen Initiative zur F\u00f6rderung der aktiven und gesunden Bev\u00f6lkerungsalterung Beitrag, verbessern die Lebensqualit\u00e4t der \u00e4lteren Menschen mehr.<\/p>\n<p>der Europ\u00e4ischen Kommission (EK) heute hielt die erste Konferenz der sogenannten European Association of Innovation f\u00fcr einen aktiven und gesunden Altern, verschiedener L\u00e4nder Regionen Europas und, deren Gesundheitssysteme als eine Referenz in diesem Bereich gelten.<\/p>\n<p>das Generalsekretariat der Gesundheit und des Verbrauchs von Spanien, Pilar Farjas, erkl\u00e4rte gegen\u00fcber der Presse, Spanien eines der L\u00e4nder der Europ\u00e4ischen Union (EU), die ist &#8220;die Einbeziehung der Innovation und Integration der Versorgung im Gesundheitswesen zur Verbesserung der Versorgung&#8221; f\u00fchren von chronischen bei \u00e4lteren Menschen.<\/p>\n<p>von 261 Projekte der Initiative, Spanien beteiligt sich an mehr als 130, sagte Farjas, teilnahmen Sitzung \u00f6ffnen.<\/p>\n<p>des Ministers f\u00fcr Gesundheit der Xunta de Galicia, Roc\u00edo Mosquera, Efe sagte, dass seine autonome Region &#8220;einer der am meisten im Alter von&#8221; von Spanien.<\/p>\n<p>andere spanische Initiative ist die Schaffung eines Netzes von Schulen der \u00f6ffentlichen Gesundheit, Aufkl\u00e4rung der Patienten aktiv und kompetent in Self-Care.<\/p>\n<p>betont, dass die Strategie von Chronifizierung Spanisch &#8220;die Integration von Pflege, Pr\u00e4vention von st\u00fcrzen und mehr Sicherheit f\u00fcr Patienten f\u00f6rdert&#8221; mit neuen Technologien.<\/p>\n<p>er betonte, dass Galicien Initiativen wie bereits gestartet ist einzigartig unter den Prim\u00e4r- und Spezial-Pflege oder Elektronik, verschreibungspflichtige Geschichte was gerettet hat 2 Millionen ab 2011, Arztbesuche und nun untersuchen, wie Patienten und Telemedizin-Projekte Sozialgeschichte eingeben<\/p>\n<p>in dieser Linie beherrscht auch die Baskisch-Minister f\u00fcr Gesundheit und Konsum, Rafael Bengoa, der betonte, dass &#8220;die meisten Menschen lo Que va ein Querer altert zu Hause und nicht an Residenzen&#8221;.<\/p>\n<p>&#8220;Als fast alle von uns haben einige chronischen Krankheiten und Abh\u00e4ngigkeiten, die immer wichtiger werden&#8221;, sagte.<\/p>\n<p>Bengoa betonte, dass im Baskenland verf\u00fcgt bereits \u00fcber einige integrierte Informationssysteme oder die elektronische Gesundheitskarte und arbeiten an neuen Projekten zu verhindern unter die gr\u00f6\u00dfere Bev\u00f6lkerung f\u00e4llt, die haben oft schwerwiegende Folgen.<\/p>\n<p>ihrerseits die valencianische Gesundheit, Luis Rosado, Regionalminister erkl\u00e4rte Efe, dass seine Gemeinschaft beschlossen hat, seine Gesundheitssystem zur Behandlung von Chronifizierung, mit Projekten wie der &#8220;Valcronic&#8221; zu orientieren.<\/p>\n<p>&#8220;nutzen zu wollen die&#8221; &#8220;maximale Informationstechnologien und steckte sie in den Dienst der Gesundheit, damit B\u00fcrger erhalten die bestm\u00f6gliche Behandlung zu Hause, unter Ausnutzung der gro\u00dfen Profis, die in Teams zur medizinischen Grundversorgung und Technologien sind&#8221;, sagte.<\/p>\n<p>als Beitrag f\u00fcr die Autonome Gemeinschaft Valencia, bemerkte &#8220;etablierte&#8221; Informationen haben Systeme, die mehr als 5 Millionen Valencianer erm\u00f6glichen, eine Geschichte electronic, interoperabel mit anderen Systemen der EU.<\/p>\n<p>schlie\u00dflich der Rat von Gesundheitsmanagement und Infrastruktur der Gemeinschaft von Madrid, Prado Bethlehem, Efe sagte, dass diese Autonomie der Europ\u00e4ischen Initiative mit seinem Netzwerk von Krankenh\u00e4usern und insbesondere mit Getafe, dem Kliniker, der Fuenfr\u00eda und Gregorio Mara\u00f1\u00f3n, f\u00fchrende internationale Forschung in diesem Bereich.-Konsortien tr\u00e4gt<\/p>\n<p>Prado Er weist auf die Arbeit zu erreichen unter der gr\u00f6\u00dferen Bev\u00f6lkerung beste Adh\u00e4sionen zu Arzneimitteln, zu vermeiden, Falls oder Einfluss auf Pr\u00e4vention und Power.<\/p>\n<p>&#8220;Wir m\u00fcssen sicherstellen, dass unsere Gesundheitssysteme nachhaltig sind, und auch die k\u00f6nnen als unsere \u00e4ltesten effizienter und bei m\u00f6glichst niedrigen Kosten&#8221;, sagte.<\/p>\n<p>der Vizepr\u00e4sident der Europ\u00e4ischen Kommission und Inhaber der digitalen Agenda Neelie Kroes, bef\u00fcrwortete eine effizientere Bewirtschaftung der Ressourcen durch den Einsatz der Technologien der Information und betonte, dass die Einsparung von 5 % auf die medizinische Versorgung von \u00e4lteren Menschen empfangen 60000 Millionen Euro entspricht.<\/p>\n","protected":false},"excerpt":{"rendered":"<p>Br\u00fcssel, 6 nov (EFE).-die Regierung von Spanien und Valencia, Galizien, Baskenland und in Madrid, Beh\u00f6rden legte heute in Br\u00fcssel die Projekte, die einen zur Europ\u00e4ischen Initiative zur F\u00f6rderung der aktiven und gesunden Bev\u00f6lkerungsalterung Beitrag, verbessern die Lebensqualit\u00e4t der \u00e4lteren Menschen mehr. der Europ\u00e4ischen Kommission (EK) heute hielt die erste Konferenz der sogenannten European Association of [&hellip;]<\/p>\n","protected":false},"author":1,"featured_media":0,"comment_status":"close","ping_status":"open","sticky":false,"template":"","format":"standard","meta":{"footnotes":""},"categories":[3],"tags":[42949],"class_list":["post-32654","post","type-post","status-publish","format-standard","hentry","category-allgemeine","tag-akkumulieren","et-doesnt-have-format-content","et_post_format-et-post-format-standard"],"_links":{"self":[{"href":"https:\/\/www.best-dentist-dentistry.com\/de\/wp-json\/wp\/v2\/posts\/32654","targetHints":{"allow":["GET"]}}],"collection":[{"href":"https:\/\/www.best-dentist-dentistry.com\/de\/wp-json\/wp\/v2\/posts"}],"about":[{"href":"https:\/\/www.best-dentist-dentistry.com\/de\/wp-json\/wp\/v2\/types\/post"}],"author":[{"embeddable":true,"href":"https:\/\/www.best-dentist-dentistry.com\/de\/wp-json\/wp\/v2\/users\/1"}],"replies":[{"embeddable":true,"href":"https:\/\/www.best-dentist-dentistry.com\/de\/wp-json\/wp\/v2\/comments?post=32654"}],"version-history":[{"count":0,"href":"https:\/\/www.best-dentist-dentistry.com\/de\/wp-json\/wp\/v2\/posts\/32654\/revisions"}],"wp:attachment":[{"href":"https:\/\/www.best-dentist-dentistry.com\/de\/wp-json\/wp\/v2\/media?parent=32654"}],"wp:term":[{"taxonomy":"category","embeddable":true,"href":"https:\/\/www.best-dentist-dentistry.com\/de\/wp-json\/wp\/v2\/categories?post=32654"},{"taxonomy":"post_tag","embeddable":true,"href":"https:\/\/www.best-dentist-dentistry.com\/de\/wp-json\/wp\/v2\/tags?post=32654"}],"curies":[{"name":"wp","href":"https:\/\/api.w.org\/{rel}","templated":true}]}}