{"id":32718,"date":"2013-01-01T02:34:22","date_gmt":"2013-01-01T02:34:22","guid":{"rendered":null},"modified":"-0001-11-30T00:00:00","modified_gmt":"-0001-11-30T00:00:00","slug":"trade-unions-ask-the-xunta-not-apply-in-galicia-royal-decree-of-cuts-in-health-care-for-being-harmful","status":"publish","type":"post","link":"https:\/\/www.best-dentist-dentistry.com\/de\/trade-unions-ask-the-xunta-not-apply-in-galicia-royal-decree-of-cuts-in-health-care-for-being-harmful\/32718","title":{"rendered":"trade unions ask the xunta not apply in galicia royal decree of cuts in health care for being harmful"},"content":{"rendered":"<p>SANTIAGO DE COMPOSTELA, 15 (EUROPA PRESS)<\/p>\n<p class=\"first\"> die Anweisungen zur Zahlung der IT, &#8220;eine <span class=\"yshortcuts\"id=\"lw_1337111195_7\">&#8220;Ma\u00dfnahme<\/span> tats\u00e4chliche Einnahmen&#8221;und&#8221;Abschreckung&#8221;durchzusetzen&#8221; ablehnen<\/p>\n<p>CIG-Sa\u00fade Gewerkschaften UGT und CC.OO., mit Darstellung der <span class=\"yshortcuts\" id=\"lw_1337111195_0\"> sektoralen Tabelle der Gesundheit<\/span>, behauptet auf der Xunta &#8220;nicht anwendbar&#8221; in <span class=\"yshortcuts\" id=\"lw_1337111195_6\"> Galicien<\/span> <span class=\"yshortcuts\" id=\"lw_1337111195_2\"> K\u00f6nigliches Dekret<\/span> der K\u00fcrzungen im Gesundheitswesen &#8220;gesundheitssch\u00e4dlich&#8221; und &#8220;den gr\u00f6\u00dften Angriff auf Gesundheitssystem&#8221; darstellen.<\/p>\n<p>im Gespr\u00e4ch mit Europa Press, nach dem Treffen <span class=\"yshortcuts\" id=\"lw_1337111195_4\"> der sektoralen Tabelle der Gesundheit<\/span>, die in wenigen viereinhalb Stunden gedauert Darstellung der UGT Javier Mart\u00ednez hat kommentiert, dass das K\u00f6nigliche Dekret Gesundheit &#8220;ein Hack f\u00fcr das System&#8221;, zu der Zeit, die als andere <span class=\"yshortcuts\" id=\"lw_1337111195_8\"> Gewerkschaften<\/span> kritisiert hat, die in der <span class=\"yshortcuts\" id=\"lw_1337111195_5\"> Conselleria der Gesundheit ist<\/span> &#8220;nichts wissen&#8221; zum anwenden, bis der Augenblick.<\/p>\n<p>nach eingedenk dessen, dass in Galicien gibt es ein &#8220;sozialer Frieden&#8221; im Bereich der Gesundheit, Gewerkschaftsvertreter haben abgelehnt, die zus\u00e4tzliche Bereitstellung von &#8220;Zwangsintegration&#8221; \u00fcber die Verpflichtung der \u00c4rzte, Krankenschwestern und Hebammen Quadrat Inhaber Integration als Bedienstete im System oder den Status von Beamter beizubehalten passieren, zur Aus\u00fcbung einer nicht Health Administration Post<\/p>\n<p>&#8220;ist eine klare revenge&#8221;, have indicated the Union representatives, to express their rejection&#8221;in its entirety&#8221;on this measure, with date bumper December 2013, instead of end of 2012 as it was planned initially.<\/p>\n<p>&#8220;We ask that not apply in Galicia because the Royal Decree is injurious for professionals and for the Galician health&#8221;, have been warned. in this line, the head of IGC-Sa\u00fade, Mar\u00eda Xos\u00e9 Abu\u00edn, has criticized, speaking to Europa Press, that the Sergas&#8221;did not give much information measures on human resources&#8221;.&#8221;Health must return the Decree and say that we have sufficient capacity to negotiate our conditions of work&#8221;, has aggregate.<\/p>\n<p>IT<\/p>\n<p>the main point of the agenda that generated the greatest discrepancy between the Galician health administration and trade unions was that referring to the instructions for the application of the law on measures for the payment of the complement of the IT.<\/p>\n<p> &lt; p> De Este Modo, Los Sindicatos Rechazan lo Esgrimido Por Sanidade Para Que de Los Tres Primeros D\u00edas de Baja Perciban 50 el Por Ciento De La Retribuci\u00f3n de Los Tres Primeros D\u00edas Si es la Primera IT; el 75 % Entre Los D\u00edas 4 y 21 y el 100 % a Partir del 21; Mientras Que Ser\u00e1 el 40 % de Los Tres Primeros D\u00edas Si es la Segunda Baja.<\/p>\n<p>Al Respecto, la Representante de CC.OO. de Materia de Sanidad Lola Gonz\u00e1lez ha Destacado ein Europa Press Que sectores &#8220;Imponer&#8221; Una &#8220;Medida Recaudatoria&#8221;. &#8220;Es Una Medida Recaudatoria y Disuasoria&#8221; ha Abundado Su Compa\u00f1ero de UGT, Mientras Que la Abu\u00edn ha Como Definido &#8220;un Retroceso&#8221;.<\/p>\n<p>OPE<\/p>\n<p>Por Otra Parte, de la Mesa Sectorial de Sanidad, el Sergas Traslad\u00f3 la Oferta P\u00fablica de Empleo (OPE) 2012 Que Incluye 164 Pl\u00e4tze Para Facultativos de Hospitales y 12 M\u00e9dicos de Urgencias Abs.<\/p>\n<p>Sobre Mar\u00eda Xos\u00e9 Abu\u00edn hat damit erkl\u00e4rt, dass das Angebot an Besch\u00e4ftigung, die vorhersehbar \u00f6ffentlichen n\u00e4chste Woche in der offiziellen Journal von Galicien, &#8220;deckt nur 10 Prozent der Nachschub-Rate&#8221;, nach was gesch\u00e4tzt hat, dass das den &#8220;3000 Arbeitspl\u00e4tze Verlust&#8221;, mit der Abg\u00e4nge bedeutet.<\/p>\n<p>mit allem was, haben die Gewerkschaften behauptet, dass gab es &#8220;sehr wenig Fortschritt&#8221; in der Sitzung am Dienstag mit der Gesundheit Verwaltung. &#8220;Es war kein Verhandlungstisch&#8221;, bedauert haben.<\/p>\n<p>erfolgte zeitgleich mit der Feier der sektoralen Tabelle eine Konzentration aus den R\u00e4umlichkeiten der Sergas auf San Lazaro, einberufen von IGC-Sa\u00fade, gefordert wird die R\u00fccknahme der K\u00fcrzungen im Gesundheitswesen das K\u00f6nigliche Dekret &#8220;durch die Macht der galicischen Regierung rei\u00dfen&#8221; und &#8220;verschlechtern&#8221; Arbeitsbedingungen und &#8220;Beseitigung die verhandelnden Kapazit\u00e4t der Tabelle Branchenspezifischen&#8221;, unter anderem.<\/p>\n","protected":false},"excerpt":{"rendered":"<p>SANTIAGO DE COMPOSTELA, 15 (EUROPA PRESS) die Anweisungen zur Zahlung der IT, &#8220;eine &#8220;Ma\u00dfnahme tats\u00e4chliche Einnahmen&#8221;und&#8221;Abschreckung&#8221;durchzusetzen&#8221; ablehnen CIG-Sa\u00fade Gewerkschaften UGT und CC.OO., mit Darstellung der sektoralen Tabelle der Gesundheit, behauptet auf der Xunta &#8220;nicht anwendbar&#8221; in Galicien K\u00f6nigliches Dekret der K\u00fcrzungen im Gesundheitswesen &#8220;gesundheitssch\u00e4dlich&#8221; und &#8220;den gr\u00f6\u00dften Angriff auf Gesundheitssystem&#8221; darstellen. im Gespr\u00e4ch mit Europa [&hellip;]<\/p>\n","protected":false},"author":1,"featured_media":0,"comment_status":"close","ping_status":"open","sticky":false,"template":"","format":"standard","meta":{"footnotes":""},"categories":[3],"tags":[],"class_list":["post-32718","post","type-post","status-publish","format-standard","hentry","category-allgemeine","et-doesnt-have-format-content","et_post_format-et-post-format-standard"],"_links":{"self":[{"href":"https:\/\/www.best-dentist-dentistry.com\/de\/wp-json\/wp\/v2\/posts\/32718","targetHints":{"allow":["GET"]}}],"collection":[{"href":"https:\/\/www.best-dentist-dentistry.com\/de\/wp-json\/wp\/v2\/posts"}],"about":[{"href":"https:\/\/www.best-dentist-dentistry.com\/de\/wp-json\/wp\/v2\/types\/post"}],"author":[{"embeddable":true,"href":"https:\/\/www.best-dentist-dentistry.com\/de\/wp-json\/wp\/v2\/users\/1"}],"replies":[{"embeddable":true,"href":"https:\/\/www.best-dentist-dentistry.com\/de\/wp-json\/wp\/v2\/comments?post=32718"}],"version-history":[{"count":0,"href":"https:\/\/www.best-dentist-dentistry.com\/de\/wp-json\/wp\/v2\/posts\/32718\/revisions"}],"wp:attachment":[{"href":"https:\/\/www.best-dentist-dentistry.com\/de\/wp-json\/wp\/v2\/media?parent=32718"}],"wp:term":[{"taxonomy":"category","embeddable":true,"href":"https:\/\/www.best-dentist-dentistry.com\/de\/wp-json\/wp\/v2\/categories?post=32718"},{"taxonomy":"post_tag","embeddable":true,"href":"https:\/\/www.best-dentist-dentistry.com\/de\/wp-json\/wp\/v2\/tags?post=32718"}],"curies":[{"name":"wp","href":"https:\/\/api.w.org\/{rel}","templated":true}]}}