{"id":32762,"date":"2013-01-01T02:43:44","date_gmt":"2013-01-01T02:43:44","guid":{"rendered":null},"modified":"-0001-11-30T00:00:00","modified_gmt":"-0001-11-30T00:00:00","slug":"the-mayor-of-bogota-gustavo-petro-is-hospitalized-for-respiratory-problems","status":"publish","type":"post","link":"https:\/\/www.best-dentist-dentistry.com\/de\/the-mayor-of-bogota-gustavo-petro-is-hospitalized-for-respiratory-problems\/32762","title":{"rendered":"the mayor of bogota gustavo petro is hospitalized for respiratory problems"},"content":{"rendered":"<p class=\"first\"> Bogota, 15 jun (EFE).-der <span class=\"yshortcuts\" id=\"lw_1339825217_6\"> B\u00fcrgermeister<\/span> von Bogot\u00e1, <span class=\"yshortcuts\" id=\"lw_1339825217_0\"> Gustavo Petro<\/span>, interniert in einer Klinik in der Hauptstadt des Landes, nach Leiden, <span class=\"yshortcuts\" id=\"lw_1339825217_1\"> Probleme mit der Atmung<\/span>, im Laufe des Tages heute berichtete Quellen Offiziere.<\/p>\n<p>der Privatsekret\u00e4r, der B\u00fcrgermeister von Bogot\u00e1, <span class=\"yshortcuts\" id=\"lw_1339825217_4\"> Jorge Rojas<\/span>, erz\u00e4hlte Reportern, dass <span class=\"yshortcuts\" id=\"lw_1339825217_3\"> Petro<\/span> in die Klinik Santa F\u00e9 aufgenommen wurde, wo \u00c4rzte den Zustand der Gesundheit beurteilen.<\/p>\n<p>&#8220;Derzeit ist unter \u00e4rztlicher Aufsicht,&#8221; sagte Rojas, der sagte, dass im Laufe des Tages die <span class=\"yshortcuts\" id=\"lw_1339825217_2\"> B\u00fcrgermeister Petro<\/span> verhindert, vor allem f\u00fcr &#8220;Atemwegserkrankungen&#8221; wurde.<\/p>\n<p>hinzugef\u00fcgt durch ihren Zustand der Gesundheit, Petro seine Teilnahme an der Gipfel von Rio + 20, in Brasilien, \u00fcber den Klimawandel abgebrochen<\/p>\n","protected":false},"excerpt":{"rendered":"<p>Bogota, 15 jun (EFE).-der B\u00fcrgermeister von Bogot\u00e1, Gustavo Petro, interniert in einer Klinik in der Hauptstadt des Landes, nach Leiden, Probleme mit der Atmung, im Laufe des Tages heute berichtete Quellen Offiziere. der Privatsekret\u00e4r, der B\u00fcrgermeister von Bogot\u00e1, Jorge Rojas, erz\u00e4hlte Reportern, dass Petro in die Klinik Santa F\u00e9 aufgenommen wurde, wo \u00c4rzte den Zustand [&hellip;]<\/p>\n","protected":false},"author":1,"featured_media":0,"comment_status":"close","ping_status":"open","sticky":false,"template":"","format":"standard","meta":{"footnotes":""},"categories":[3],"tags":[],"class_list":["post-32762","post","type-post","status-publish","format-standard","hentry","category-allgemeine","et-doesnt-have-format-content","et_post_format-et-post-format-standard"],"_links":{"self":[{"href":"https:\/\/www.best-dentist-dentistry.com\/de\/wp-json\/wp\/v2\/posts\/32762","targetHints":{"allow":["GET"]}}],"collection":[{"href":"https:\/\/www.best-dentist-dentistry.com\/de\/wp-json\/wp\/v2\/posts"}],"about":[{"href":"https:\/\/www.best-dentist-dentistry.com\/de\/wp-json\/wp\/v2\/types\/post"}],"author":[{"embeddable":true,"href":"https:\/\/www.best-dentist-dentistry.com\/de\/wp-json\/wp\/v2\/users\/1"}],"replies":[{"embeddable":true,"href":"https:\/\/www.best-dentist-dentistry.com\/de\/wp-json\/wp\/v2\/comments?post=32762"}],"version-history":[{"count":0,"href":"https:\/\/www.best-dentist-dentistry.com\/de\/wp-json\/wp\/v2\/posts\/32762\/revisions"}],"wp:attachment":[{"href":"https:\/\/www.best-dentist-dentistry.com\/de\/wp-json\/wp\/v2\/media?parent=32762"}],"wp:term":[{"taxonomy":"category","embeddable":true,"href":"https:\/\/www.best-dentist-dentistry.com\/de\/wp-json\/wp\/v2\/categories?post=32762"},{"taxonomy":"post_tag","embeddable":true,"href":"https:\/\/www.best-dentist-dentistry.com\/de\/wp-json\/wp\/v2\/tags?post=32762"}],"curies":[{"name":"wp","href":"https:\/\/api.w.org\/{rel}","templated":true}]}}