{"id":32790,"date":"2013-01-01T02:54:25","date_gmt":"2013-01-01T02:54:25","guid":{"rendered":null},"modified":"-0001-11-30T00:00:00","modified_gmt":"-0001-11-30T00:00:00","slug":"raal-castro-denounces-the-misrepresentations-about-the-cholera-outbreak-in-cuba","status":"publish","type":"post","link":"https:\/\/www.best-dentist-dentistry.com\/de\/raal-castro-denounces-the-misrepresentations-about-the-cholera-outbreak-in-cuba\/32790","title":{"rendered":"Ra\u00fal Castro prangert die &#8220;falsche&#8221; \u00fcber den Ausbruch der Cholera in Kuba"},"content":{"rendered":"<p class=\"first\"> Havanna, 23 jul (EFE).-der Pr\u00e4sident von Kuba, Ra\u00fal Castro, heute denunziert &#8220;Propagandakampagnen&#8221; und &#8220;T\u00e4uschung&#8221;, \u00fcber die F\u00e4lle von Cholera im \u00f6stlichen Teil des Landes, das Gesundheitssystem auf der Insel &#8220;zu diskreditieren&#8221; registriert und behauptete, dass der Ausbruch &#8220;kontrolliert&#8221;.<\/p>\n<p>in der Rede, die die erste j\u00e4hrlichen Plenum der Nationalversammlung der Macht (Parlament), Popular geschlossen, allgemeine Castro erkl\u00e4rte, dass &#8220;erh\u00f6hen die Propagandakampagnen gegen die Revolution Cubana.&#8221;<\/p>\n<p>in diesem Zusammenhang darauf hingewiesen, dass im letzte Beispiel &#8220;unverh\u00e4ltnism\u00e4\u00dfige Behandlung Medien und falsche Darstellung bereits kontrollierten Cholera-Ausbruch in der Provinz Granma, haupts\u00e4chlich in der Stadt Manzanillo ist&#8221;.<\/p>\n<p>der kubanische Herrscher sagte, in seine erste \u00f6ffentliche Erw\u00e4hnung \u00fcber dieses Thema, die seit Diese Kampagnen sind &#8220;, das kubanische Gesundheitssystem und ihre Errungenschaften zu diskreditieren weltweit anerkannt&#8221;, ohne weitere Details \u00fcber die Situation in den betroffenen Gebieten.<\/p>\n<p>Cholera-Ausbruch wurde erkannt im vergangenen Juni in Manzanillo, Stadt mit 130,500 Einwohnern, liegt etwa 900 Kilometer \u00f6stlich von Havanna, wo den meisten gemeldete 158 F\u00e4llen bisher durch das Ministerium f\u00fcr \u00f6ffentliche Gesundheit (MINSAP) berichtet von der Insel.<\/p>\n<p>Letzte Woche ein Volksgesundheit Beamter sagte Bemerkungen zu Efe &#8220;der epidemiologischen Situation&#8221; damit umgegangen wurde, alle Ma\u00dfnahmen getroffen worden sind, u. a. keine neuen F\u00e4lle oder irgendein anderes Problem &#8220;.<\/p>\n<p>am 3. Juli die kubanische Regierung zum ersten Mal von Beginn der Erkrankung mit 53 F\u00e4llen und drei Todesf\u00e4lle gemeldet und letzte Teil offengelegt 14&#8243; im Juli erkl\u00e4rte er, dass &#8220;Ausbruch des w\u00e4ssrige&#8221; r\u00fcckl\u00e4ufig war und hinzugef\u00fcgt, dass &#8220;Verbreitung&#8221; war. EFE<\/p>\n","protected":false},"excerpt":{"rendered":"<p>Havanna, 23 jul (EFE).-der Pr\u00e4sident von Kuba, Ra\u00fal Castro, heute denunziert &#8220;Propagandakampagnen&#8221; und &#8220;T\u00e4uschung&#8221;, \u00fcber die F\u00e4lle von Cholera im \u00f6stlichen Teil des Landes, das Gesundheitssystem auf der Insel &#8220;zu diskreditieren&#8221; registriert und behauptete, dass der Ausbruch &#8220;kontrolliert&#8221;. in der Rede, die die erste j\u00e4hrlichen Plenum der Nationalversammlung der Macht (Parlament), Popular geschlossen, allgemeine Castro [&hellip;]<\/p>\n","protected":false},"author":1,"featured_media":0,"comment_status":"close","ping_status":"open","sticky":false,"template":"","format":"standard","meta":{"footnotes":""},"categories":[3],"tags":[43080],"class_list":["post-32790","post","type-post","status-publish","format-standard","hentry","category-allgemeine","tag-hervorgeht","et-doesnt-have-format-content","et_post_format-et-post-format-standard"],"_links":{"self":[{"href":"https:\/\/www.best-dentist-dentistry.com\/de\/wp-json\/wp\/v2\/posts\/32790","targetHints":{"allow":["GET"]}}],"collection":[{"href":"https:\/\/www.best-dentist-dentistry.com\/de\/wp-json\/wp\/v2\/posts"}],"about":[{"href":"https:\/\/www.best-dentist-dentistry.com\/de\/wp-json\/wp\/v2\/types\/post"}],"author":[{"embeddable":true,"href":"https:\/\/www.best-dentist-dentistry.com\/de\/wp-json\/wp\/v2\/users\/1"}],"replies":[{"embeddable":true,"href":"https:\/\/www.best-dentist-dentistry.com\/de\/wp-json\/wp\/v2\/comments?post=32790"}],"version-history":[{"count":0,"href":"https:\/\/www.best-dentist-dentistry.com\/de\/wp-json\/wp\/v2\/posts\/32790\/revisions"}],"wp:attachment":[{"href":"https:\/\/www.best-dentist-dentistry.com\/de\/wp-json\/wp\/v2\/media?parent=32790"}],"wp:term":[{"taxonomy":"category","embeddable":true,"href":"https:\/\/www.best-dentist-dentistry.com\/de\/wp-json\/wp\/v2\/categories?post=32790"},{"taxonomy":"post_tag","embeddable":true,"href":"https:\/\/www.best-dentist-dentistry.com\/de\/wp-json\/wp\/v2\/tags?post=32790"}],"curies":[{"name":"wp","href":"https:\/\/api.w.org\/{rel}","templated":true}]}}