{"id":32801,"date":"2013-01-01T03:12:33","date_gmt":"2013-01-01T03:12:33","guid":{"rendered":null},"modified":"-0001-11-30T00:00:00","modified_gmt":"-0001-11-30T00:00:00","slug":"Die-PP-behauptet-die-Rolle-der-Familie-bei-der-Behandlung-von-Patienten-mit-einer-psychischen-Erkrankung","status":"publish","type":"post","link":"https:\/\/www.best-dentist-dentistry.com\/de\/Die-PP-behauptet-die-Rolle-der-Familie-bei-der-Behandlung-von-Patienten-mit-einer-psychischen-Erkrankung\/32801","title":{"rendered":"Die PP behauptet, die Rolle der Familie bei der Behandlung von Patienten mit einer psychischen Erkrankung"},"content":{"rendered":"<p class=\"first\"> MADRID, 10 (EUROPA PRESS)<\/p>\n<p>die Volkspartei hat die Verantwortung f\u00fcr die Rolle der Familie bei der Behandlung von Patienten mit psychischen Erkrankungen Mittwoch behauptet und hat sich daf\u00fcr ausgesprochen &#8220;definitiv&#8221; \u00fcberschreiten die soziale Ablehnung verbunden mit dieser Krankheit, durch die Hilfe von Angeh\u00f6rigen der Gesundheitsberufe, mit dem Ziel, die in einem &#8220;produktive und fruchtbare&#8221; Art und Weise arbeiten k\u00f6nnen<\/p>\n<p>anl\u00e4sslich der mentalen Weltgesundheitstag, das nationale Sekretariat f\u00fcr Gesundheit und Soziales der PP hat daran erinnert, dass die F\u00f6rderung der psychischen Gesundheit erfordert einen &#8220;Respekt&#8221; f\u00fcr die Menschenrechte und die &#8220;w\u00fcrde&#8221; der Patienten in diesen Fragen im Zusammenhang mit der &#8220;unfreiwillige&#8221; Krankenhausaufenthalt und Einhaltung der Therapien.<\/p>\n<p>&#8220;seit der PP glauben wir, dass die beste Investition, die wir k\u00f6nnen&#8221; &#8220;ausf\u00fchren zur F\u00f6rderung gute geistige Gesundheitsstatus, da die hohe Inzidenz von psychischen Erkrankungen und der Tatsache, das diejenigen, die sie leiden, in vielen F\u00e4llen entwickelt arbeitet, andere k\u00f6rperliche Gesundheitsprobleme erzeugt einen hohen sozialen Kosten, wirtschaftliche und famili\u00e4re&#8221;, erw\u00e4hnte Sekret\u00e4r nationalen Gesundheit und Soziales der PP, Jos\u00e9 Ignacio Echaniz.<\/p>\n<p>daher die auch Berater der Gesundheit von Castilla &#8211; La Mancha hat daran erinnert die Hauptaktivit\u00e4ten von der Regierung von Mariano Rajoy, \u00fcber das Ministerium f\u00fcr Gesundheit, soziale Dienste und Geschlechter, wie z. B. die Verkn\u00fcpfung von Sozialleistungen mit der Gesundheit, die Entwicklung der in der psychischen Gesundheit 2009-2013, Strategie und die Erarbeitung von Werken f\u00fcr die Harmonisierung aller in einem einzigen Gesetz bestehenden Rechtsvorschriften festgelegten Ziele gemacht General der Behinderung.<\/p>\n<p> < p&gt; Schlie\u00dflich die Arbeit des Bundes der spanischen Gruppen und Menschen mit psychischen Erkrankungen (FEAFES) f\u00fcr seine \"wichtigen Rolle gespielt\" hervorgehoben, bei der Erarbeitung der Strategie, die psychische Gesundheit des national Health System (SNS).<\/p>\n","protected":false},"excerpt":{"rendered":"<p>MADRID, 10 (EUROPA PRESS) die Volkspartei hat die Verantwortung f\u00fcr die Rolle der Familie bei der Behandlung von Patienten mit psychischen Erkrankungen Mittwoch behauptet und hat sich daf\u00fcr ausgesprochen &#8220;definitiv&#8221; \u00fcberschreiten die soziale Ablehnung verbunden mit dieser Krankheit, durch die Hilfe von Angeh\u00f6rigen der Gesundheitsberufe, mit dem Ziel, die in einem &#8220;produktive und fruchtbare&#8221; Art [&hellip;]<\/p>\n","protected":false},"author":1,"featured_media":0,"comment_status":"close","ping_status":"open","sticky":false,"template":"","format":"standard","meta":{"footnotes":""},"categories":[3],"tags":[],"class_list":["post-32801","post","type-post","status-publish","format-standard","hentry","category-allgemeine","et-doesnt-have-format-content","et_post_format-et-post-format-standard"],"_links":{"self":[{"href":"https:\/\/www.best-dentist-dentistry.com\/de\/wp-json\/wp\/v2\/posts\/32801","targetHints":{"allow":["GET"]}}],"collection":[{"href":"https:\/\/www.best-dentist-dentistry.com\/de\/wp-json\/wp\/v2\/posts"}],"about":[{"href":"https:\/\/www.best-dentist-dentistry.com\/de\/wp-json\/wp\/v2\/types\/post"}],"author":[{"embeddable":true,"href":"https:\/\/www.best-dentist-dentistry.com\/de\/wp-json\/wp\/v2\/users\/1"}],"replies":[{"embeddable":true,"href":"https:\/\/www.best-dentist-dentistry.com\/de\/wp-json\/wp\/v2\/comments?post=32801"}],"version-history":[{"count":0,"href":"https:\/\/www.best-dentist-dentistry.com\/de\/wp-json\/wp\/v2\/posts\/32801\/revisions"}],"wp:attachment":[{"href":"https:\/\/www.best-dentist-dentistry.com\/de\/wp-json\/wp\/v2\/media?parent=32801"}],"wp:term":[{"taxonomy":"category","embeddable":true,"href":"https:\/\/www.best-dentist-dentistry.com\/de\/wp-json\/wp\/v2\/categories?post=32801"},{"taxonomy":"post_tag","embeddable":true,"href":"https:\/\/www.best-dentist-dentistry.com\/de\/wp-json\/wp\/v2\/tags?post=32801"}],"curies":[{"name":"wp","href":"https:\/\/api.w.org\/{rel}","templated":true}]}}