{"id":32852,"date":"2013-01-01T03:30:17","date_gmt":"2013-01-01T03:30:17","guid":{"rendered":null},"modified":"-0001-11-30T00:00:00","modified_gmt":"-0001-11-30T00:00:00","slug":"create-a-device-for-access-for-persons-with-disabilities-and-seniors-to-social-networks","status":"publish","type":"post","link":"https:\/\/www.best-dentist-dentistry.com\/de\/create-a-device-for-access-for-persons-with-disabilities-and-seniors-to-social-networks\/32852","title":{"rendered":"Erstellen Sie ein Ger\u00e4t f\u00fcr den Zugang f\u00fcr Menschen mit Behinderungen und Senioren zu sozialen Netzwerken."},"content":{"rendered":"<p><strong>Erstellt ein Ger\u00e4t f\u00fcr den Zugang f\u00fcr Menschen mit Behinderungen und \u00e4ltere Sozialnetze. <br \/><font size=\"2\"> <br \/>Stiftung elf am vergangenen Freitag pr\u00e4sentierte den Entwurf des &#8216; digitalen Staatsb\u00fcrgerschaft &#8217; kofinanziert durch Plan Avanza II. <br \/><\/font><\/strong> <font size=\"2\"> <br \/> <font size=\"2\">-die Veranstaltung nahmen Vertreter der wichtigsten Vereinigungen von Personen mit Behinderungen <\/p>\n<p> <strong>Madrid, Dezember 2012.-<\/strong> Fundaci\u00f3n einmal dargestellt am vergangenen Freitag ein Ger\u00e4t, das den Zugang von Menschen mit Behinderungen und Senioren zu sozialen Netzwerken erleichtert. <\/p>\n<p>Die Initiative ist Teil des Teilprogramm &#8216; Ciudadan\u00eda Digital &#8217;, kofinanziert durch das Ministerium f\u00fcr Industrie, Energie und Tourismus, in den Nationalplan der wissenschaftlichen Forschung, Entwicklung und technologische Innovation 2008-2011 (TSI-040202-2011-75). <\/p>\n<p>Der Abteilungsleiter der zug\u00e4nglichen Technologien und r &amp; d der Fundaci\u00f3n ONCE, David Zanoletty und Direktor f\u00fcr Operationen und Infrastruktur f\u00fcr Technosite, Miguel Jim\u00e9nez, sorgten f\u00fcr die Pr\u00e4sentation dieses Projekts an die Vertreter der wichtigsten Vereinigungen von Personen mit Behinderungen, in einer Zeremonie im Servimedia. <\/p>\n<p>Zanoletty hingewiesen, in der Pr\u00e4sentation ist einer der Vorz\u00fcge dieses Tools gegen eine klassische Anwendung, dass seine Oberfl\u00e4che perfekt auf mobilen Ger\u00e4ten und auch in Browsern f\u00fcr TV-Ger\u00e4te ausgelegt ist. <\/p>\n<p>In dieser Hinsicht, f\u00fcgte er hinzu, mit deren Hilfe die Probleme zu l\u00f6sen, die Menschen mit Behinderungen und \u00e4ltere zu Gesicht.  Menschen mit Behinderungen sind viele Probleme des Zugangs zu sozialen Netzwerken, da seine Design-Hersteller nicht die Konzepte der Barrierefreiheit ber\u00fccksichtigt sind. Dies bewirkt, dass eine Barriere f\u00fcr den Zugang nicht nur f\u00fcr Menschen mit Behinderungen, sondern auch f\u00fcr \u00e4ltere Menschen, die wenig Geschick bei der Verwaltung von innovativen Umgebungen wie soziale Netzwerke haben &#8221;. <\/p>\n<p align=\"center\"><img loading=\"lazy\" decoding=\"async\" title=\"\" height=\"299\" alt=\"\" src=\"http:\/\/www.best-dentist-dentistry.com\/best-dentist-images\/create-a-device-for-access-for-persons-with-disabilities-and-seniors-to-social-networks.JPG\" width=\"450\" align=\"baseline\" border=\"0\"\/><\/p>\n<p><em>De izquierda a derecha: &nbsp;Miguel Jim&eacute;nez y David Zanoletty.<\/em><\/p>\n<p>Jimenez betonte seinerseits, das ist ein Instrument mit einem einfachen Ansatz, das eliminiert Marktzutrittsschranken f\u00fcr Menschen mit Behinderungen.  Ist ein Produkt, das Zugriff auf und die Verwaltung von sozialen Netzwerken f\u00fcr alle Benutzer vereinfacht &#8221;. <\/p>\n<p>In der Stellungnahme des Zanoletty haben in den letzten zwei Jahren soziale Netzwerke von gegangen Freizeit und Unterhaltung Elemente, grundlegenden Werkzeuge der Information in der Gesellschaft zu werden.  Fundaci\u00f3n einmal entdeckt diese L\u00fccken im Bereich der Zug\u00e4nglichkeit und dieses Projekt, dessen Herausforderung ist, dass Personen mit Behinderungen und \u00e4ltere Zugang zu den wichtigsten sozialen Netzwerken im Jahr 2011 haben pr\u00e4sentiert &#8221;. <\/p>\n<p>Das Werkzeug, er kam zu dem Schluss, ist bereits f\u00fcr diejenigen, die sie \u00fcber die Seite benutzen wollen &#8216; www.concentraredes.es &#8217;.  Jetzt was wir wollen, dass alle potenziellen Nutzer bewusst sind und wissen, dass sie durch sie auf ihre sozialen Netzwerke Zugriff &#8221;. <\/p>\n<p><strong>&#8216; Ciudadan\u00eda Digital &#8217;<\/strong> <\/p>\n<p>Das Ziel dieses Projekts beruht auf der F\u00f6rderung der Beteiligung von Menschen mit Behinderungen im Internet soziale Netzwerke durch die Gestaltung einer einzigen Schnittstelle zug\u00e4nglich und kompatibel mit verschiedenen Ger\u00e4ten (IPTV, mobile und konventionellen Computern), die Interaktion mit der am weitesten verbreiteten sozialen networking-Plattformen erm\u00f6glicht. <\/p>\n<p>Das Ger\u00e4t bietet Benutzern Zugriff auf die beliebtesten Anwendungen (Facebook und Twitter) unter anderem durch die Integration verschiedener Technologien der Interaktion (Spracherkennung, lesen, Bildschirm, etc.) und der Einarbeitung der Benutzer das Zugriffsger\u00e4t (Fernsehen). <\/p>\n<p>Dar\u00fcber hinaus erstellt ein soziales Netzwerk, dessen zentrales Thema die Gestaltung von digitalen Dienstleistungen zug\u00e4nglich ist. Dieses Netzwerk von Fundaci\u00f3n einmal steigert und ist in verschiedenen social-networking-Plattformen, die f\u00f6rdert die Interaktion zwischen ihnen. Gestaltete Web-Oberfl\u00e4che erleichtert Zugriff von jedem Ger\u00e4t mit dem Netzwerk als Ganzes und erm\u00f6glicht den Zugriff auf Plattformen, die es zu verwalten. <\/p>\n<p>Stiftung elf bietet Support &#8216; online &#8217; die ist verf\u00fcgbar auf der Webseite Discapnet Abfragen zu l\u00f6sen, die in Bezug auf den Zugang von Menschen mit Behinderungen zu social-Networking-Internet \u00fcber die entwickelte Schnittstelle entstehen k\u00f6nnen. <\/p>\n<p>Dieses Projekt hat einen direkten und positiven Einfluss auf \u00e4ltere Menschen, Behinderte und andere Gruppen von Ausgrenzung der gesamten Spanien. Dar\u00fcber hinaus Zugang zu digitalen Diensten in Bezug auf eine technische L\u00f6sung verwenden Verbreitung auf der ganzen Welt, die Wirkung erstreckt sich auf alle Spanisch sprechenden L\u00e4nder. <\/p>\n<p><\/font><\/font><\/p>\n","protected":false},"excerpt":{"rendered":"<p>Erstellt ein Ger\u00e4t f\u00fcr den Zugang f\u00fcr Menschen mit Behinderungen und \u00e4ltere Sozialnetze. Stiftung elf am vergangenen Freitag pr\u00e4sentierte den Entwurf des &#8216; digitalen Staatsb\u00fcrgerschaft &#8217; kofinanziert durch Plan Avanza II. -die Veranstaltung nahmen Vertreter der wichtigsten Vereinigungen von Personen mit Behinderungen Madrid, Dezember 2012.- Fundaci\u00f3n einmal dargestellt am vergangenen Freitag ein Ger\u00e4t, das den [&hellip;]<\/p>\n","protected":false},"author":1,"featured_media":0,"comment_status":"close","ping_status":"open","sticky":false,"template":"","format":"standard","meta":{"footnotes":""},"categories":[3],"tags":[43152,43151,43149,43150],"class_list":["post-32852","post","type-post","status-publish","format-standard","hentry","category-allgemeine","tag-avanza","tag-kofinanzierten","tag-sozialnetze","tag-staatsbrgerschaft","et-doesnt-have-format-content","et_post_format-et-post-format-standard"],"_links":{"self":[{"href":"https:\/\/www.best-dentist-dentistry.com\/de\/wp-json\/wp\/v2\/posts\/32852","targetHints":{"allow":["GET"]}}],"collection":[{"href":"https:\/\/www.best-dentist-dentistry.com\/de\/wp-json\/wp\/v2\/posts"}],"about":[{"href":"https:\/\/www.best-dentist-dentistry.com\/de\/wp-json\/wp\/v2\/types\/post"}],"author":[{"embeddable":true,"href":"https:\/\/www.best-dentist-dentistry.com\/de\/wp-json\/wp\/v2\/users\/1"}],"replies":[{"embeddable":true,"href":"https:\/\/www.best-dentist-dentistry.com\/de\/wp-json\/wp\/v2\/comments?post=32852"}],"version-history":[{"count":0,"href":"https:\/\/www.best-dentist-dentistry.com\/de\/wp-json\/wp\/v2\/posts\/32852\/revisions"}],"wp:attachment":[{"href":"https:\/\/www.best-dentist-dentistry.com\/de\/wp-json\/wp\/v2\/media?parent=32852"}],"wp:term":[{"taxonomy":"category","embeddable":true,"href":"https:\/\/www.best-dentist-dentistry.com\/de\/wp-json\/wp\/v2\/categories?post=32852"},{"taxonomy":"post_tag","embeddable":true,"href":"https:\/\/www.best-dentist-dentistry.com\/de\/wp-json\/wp\/v2\/tags?post=32852"}],"curies":[{"name":"wp","href":"https:\/\/api.w.org\/{rel}","templated":true}]}}