{"id":3286,"date":"2012-01-31T18:00:22","date_gmt":"2012-01-31T18:00:22","guid":{"rendered":null},"modified":"-0001-11-30T00:00:00","modified_gmt":"-0001-11-30T00:00:00","slug":"the-foundation-down-syndrome-madrid-celebrates-i-forum-of-neuropsychology-and-disability","status":"publish","type":"post","link":"https:\/\/www.best-dentist-dentistry.com\/de\/the-foundation-down-syndrome-madrid-celebrates-i-forum-of-neuropsychology-and-disability\/3286","title":{"rendered":"Das Down Syndrom Stiftung von Madrid begr\u00fc\u00dft ich Forum der Neuropsychologie und Behinderung."},"content":{"rendered":"<p><strong>La Fundaci\u00f3n Down Syndrom Madrid begr\u00fc\u00dft ich Forum der Neuropsychologie und Behinderung. <\/p>\n<p><\/strong><font size=\"2\"> <strong>Tagung am 1. und 2. M\u00e4rz 2012 in den Consejo Superior de Investigaciones Cient\u00edficas (CSIC) in Madrid.<\/strong><\/p>\n<p>-Diese Veranstaltung richtet sich an beiden Profis als Studenten der Medizin, Psychologie, P\u00e4dagogik und Bildung sowie Verwandten von Menschen mit Behinderungen. Es wird relevanten Fachleute auf dem Gebiet der Forschung in Europa neuropsychologische und neurobiologische sammeln <\/p>\n<p> <strong>Madrid, Januar 2012.-<\/strong> La Fundaci\u00f3n Syndrom der opt-Down in Madrid (FSDM) und der Universidad Camilo Jos\u00e9 Cela (UCJC) f\u00fcr die Schaffung von R\u00e4umen zu pr\u00e4sentieren die neuesten empirische Evidenz und die Erfahrungen der verschiedenen Profis in der Neurogenetics ForschungNeurobiologie, zerebrale Bildgebung, Bewertung und kognitive Interventionstechnik. In allen einberufen beide Institutionen ich Forum der Neuropsychologie und Behinderung, in Zusammenarbeit mit dem Ministerium f\u00fcr Bildung und Besch\u00e4ftigung der Gemeinschaft von Madrid, dem offiziellen College of Psychologen von Madrid und Editionen Tee. <\/p>\n<p>Dieses Forum bringt zusammen, dass Behinderung und geh\u00f6ren der Region University, Gesundheit, Forschung und unmittelbare Aufmerksamkeit Profis spezialisiert. Unter ihnen, Henri Bl\u00e9haut, Leiter der Forschungsabteilung der Fondation J\u00e9r\u00f4me Leujene (Paris); Mara Dierssen, Forscher am Zentrum f\u00fcr Genomic Verordnung, Barcelona; Ramon Novell, Leiter der psychiatrischen und geistigen Behinderungen des Instituts f\u00fcr Gesundheitswesen Dienst (Girona); Fabiola Garc\u00eda, Forscher bei der Gruppe der Forschung kognitiven und affektiven Mittelpunkt Gehirn Aston (Birmingham); oder Salvador Martinez, Direktor des Labors Experimental Embryology der das Institut f\u00fcr Neurowissenschaften (Alicante). <\/p>\n<p>Forschung Neurowissenschaftler in der internationalen Szene, die neuropsychologische Bewertung, kognitive Interventionen und Forschung Genetik und Neurobiologie werden einige der Probleme, die auf dem Tisch w\u00e4hrend der zwei Tage werden, die bei der CSIC in Madrid stattfinden wird. <\/p>\n<p>Die Frist f\u00fcr die Registrierung bleibt bis 20. Februar 2012 oder bis zum Abschluss der Kapazit\u00e4t ge\u00f6ffnet. <\/p>\n<p>Weitere Informationen und Anmeldung <\/p>\n<p> E-MAIL: foroneuropsicologia@downmadrid.org <br \/> WEB: www.downmadrid.es <\/p>\n<p><\/font><\/p>\n","protected":false},"excerpt":{"rendered":"<p>La Fundaci\u00f3n Down Syndrom Madrid begr\u00fc\u00dft ich Forum der Neuropsychologie und Behinderung. Tagung am 1. und 2. M\u00e4rz 2012 in den Consejo Superior de Investigaciones Cient\u00edficas (CSIC) in Madrid. -Diese Veranstaltung richtet sich an beiden Profis als Studenten der Medizin, Psychologie, P\u00e4dagogik und Bildung sowie Verwandten von Menschen mit Behinderungen. Es wird relevanten Fachleute auf [&hellip;]<\/p>\n","protected":false},"author":1,"featured_media":0,"comment_status":"close","ping_status":"open","sticky":false,"template":"","format":"standard","meta":{"footnotes":""},"categories":[3],"tags":[11111,11110],"class_list":["post-3286","post","type-post","status-publish","format-standard","hentry","category-allgemeine","tag-down-syndrom-stiftung","tag-projekt","et-doesnt-have-format-content","et_post_format-et-post-format-standard"],"_links":{"self":[{"href":"https:\/\/www.best-dentist-dentistry.com\/de\/wp-json\/wp\/v2\/posts\/3286","targetHints":{"allow":["GET"]}}],"collection":[{"href":"https:\/\/www.best-dentist-dentistry.com\/de\/wp-json\/wp\/v2\/posts"}],"about":[{"href":"https:\/\/www.best-dentist-dentistry.com\/de\/wp-json\/wp\/v2\/types\/post"}],"author":[{"embeddable":true,"href":"https:\/\/www.best-dentist-dentistry.com\/de\/wp-json\/wp\/v2\/users\/1"}],"replies":[{"embeddable":true,"href":"https:\/\/www.best-dentist-dentistry.com\/de\/wp-json\/wp\/v2\/comments?post=3286"}],"version-history":[{"count":0,"href":"https:\/\/www.best-dentist-dentistry.com\/de\/wp-json\/wp\/v2\/posts\/3286\/revisions"}],"wp:attachment":[{"href":"https:\/\/www.best-dentist-dentistry.com\/de\/wp-json\/wp\/v2\/media?parent=3286"}],"wp:term":[{"taxonomy":"category","embeddable":true,"href":"https:\/\/www.best-dentist-dentistry.com\/de\/wp-json\/wp\/v2\/categories?post=3286"},{"taxonomy":"post_tag","embeddable":true,"href":"https:\/\/www.best-dentist-dentistry.com\/de\/wp-json\/wp\/v2\/tags?post=3286"}],"curies":[{"name":"wp","href":"https:\/\/api.w.org\/{rel}","templated":true}]}}