{"id":32875,"date":"2013-01-01T03:36:12","date_gmt":"2013-01-01T03:36:12","guid":{"rendered":null},"modified":"-0001-11-30T00:00:00","modified_gmt":"-0001-11-30T00:00:00","slug":"platform-announces-second-gear-to-madrid-from-health-centres","status":"publish","type":"post","link":"https:\/\/www.best-dentist-dentistry.com\/de\/platform-announces-second-gear-to-madrid-from-health-centres\/32875","title":{"rendered":"platform announces second gear to madrid from health centres"},"content":{"rendered":"<p class=\"first\"> Madrid, 11 Dez (EFE).-La Plattform Sowjets von Arbeitnehmern und Verbrauchern von Gesundheit hat f\u00fcr kommenden Sonntag einberufen, am 16, neue Marken aus allen \u00f6ffentlichen Gesundheitszentren und einer Demonstration in Madrid zu fordern die R\u00fccknahme des Plans der Ma\u00dfnahmen zur Gew\u00e4hrleistung der Nachhaltigkeit der \u00f6ffentlichen Gesundheit.<\/p>\n<p>ist die &#8220;zweite wei\u00dfe Flut&#8221;, die diese Plattform von Experten und Nutzer von Krankenh\u00e4usern und Gesundheit Zentren \u00d6ffentlichkeit der Region nach organisiert die des 18. November, die nahmen Tausende von Menschen, die sich gegen die Privatisierung von sechs Krankenh\u00e4usern und verschiedenen Gesundheitszentren in der Region.<\/p>\n<p>erschienen zwei Mitglieder dieser Plattform, Juan Domingo Garc\u00eda und Adoraci\u00f3n Garc\u00eda, heute vor der Presse eine Erkl\u00e4rung gelesen in denen warnen diese Genehmigung Diese Ma\u00dfnahmen &#8220;f\u00fchrt zum Abbau der \u00f6ffentlichen Gesundheit&#8221; und lassen Sie es in einer Situation &#8220;kritisch&#8221;, die &#8220;auf direkte Weise&#8221; Einfluss auf allen zugeh\u00f6rigen Benutzer.<\/p>\n<p>die Veranstaltung fand am Sitz der regionalen Verband der Verb\u00e4nde Viertel von Madrid (FRAVM) dessen Pr\u00e4sident, Nacho Murgui, hat mit der Plattform \u00fcber die Notwendigkeit zu stoppen &#8220;brutale Aggression&#8221;, das bedeutet f\u00fcr die \u00f6ffentliche Gesundheit &#8220;der Privatisierungsplan&#8221; der die Regierung von Ignacio Gonz\u00e1lez. konzipiert wurde, fiel<\/p>\n<p>Juan Domingo Garc\u00eda und Adoraci\u00f3n Garc\u00eda hingewiesen haben aus, die dem &#8220;Stichtag&#8221; 20 Donnerstag, als der Plenarsitzung der Assembly werden die Budgets der Gemeinschaft werden verabschiedete f\u00fcr 2013 die Anpassung die in Gesundheit umfassen Madrile\u00f1a. Ma\u00dfnahmen d\u00fcrfte<\/p>\n<p>beide haben betont, dass die &#8220;schwere der&#8221; Veranstaltungen erfordert die Einheit aller f\u00fcr die Verteidigung der unzweifelhaften Sozialrecht &#8220;ist die \u00f6ffentliche Gesundheit, deren Management ist&#8221;billiger und rentabler&#8221;seit den Bereich Private.<\/p>\n<p>Mario Cortes, im Namen der Patienten, die fordern, dass die Nutzer der \u00f6ffentlichen Gesundheit hat interveniert&#8221; behandelt wie Patienten, die nicht Kunden eines Systems, die unsere Gro\u00dfeltern, unsere Eltern und jetzt sind wir &#8220;bezahlen&#8221;.<\/p>\n<p>Arzt Luis Robles, den 12. Oktober, Krankenhaustage unterst\u00fctzt die Wiedereinberufung dieser Plattform mit seiner Pr\u00e4senz und hat daf\u00fcr gesorgt, dass Proteste, die in der Stra\u00dfe &#8220;an den Pr\u00e4sidenten der Gemeinschaft und der Gesundheitsminister See must, dass sie falsch gewesen&#8221;.<\/p>\n<p>M\u00e4rsche einberufen f\u00fcr Sonntag das Hospital del Henares, um 0700 Uhr; der abzuweichen wird der von Getafe, bei 7,30; Infantin Cristina und Infanta Leonor um 8.00; die klinischen und La Paz, am 09; f\u00fcr das Kind Jesus, um 9.30 Uhr, und am 12. Oktober um zehn in den Morgen.<\/p>\n<p>der Punkt der Zusammenfluss von allen Marken festgelegt wurde, auf der Plaza de Cibeles um 12.00 Uhr, von wo \u00fcberlassen Sie die Puerta del Sol in Demo<\/p>\n","protected":false},"excerpt":{"rendered":"<p>Madrid, 11 Dez (EFE).-La Plattform Sowjets von Arbeitnehmern und Verbrauchern von Gesundheit hat f\u00fcr kommenden Sonntag einberufen, am 16, neue Marken aus allen \u00f6ffentlichen Gesundheitszentren und einer Demonstration in Madrid zu fordern die R\u00fccknahme des Plans der Ma\u00dfnahmen zur Gew\u00e4hrleistung der Nachhaltigkeit der \u00f6ffentlichen Gesundheit. ist die &#8220;zweite wei\u00dfe Flut&#8221;, die diese Plattform von Experten [&hellip;]<\/p>\n","protected":false},"author":1,"featured_media":0,"comment_status":"close","ping_status":"open","sticky":false,"template":"","format":"standard","meta":{"footnotes":""},"categories":[3],"tags":[],"class_list":["post-32875","post","type-post","status-publish","format-standard","hentry","category-allgemeine","et-doesnt-have-format-content","et_post_format-et-post-format-standard"],"_links":{"self":[{"href":"https:\/\/www.best-dentist-dentistry.com\/de\/wp-json\/wp\/v2\/posts\/32875","targetHints":{"allow":["GET"]}}],"collection":[{"href":"https:\/\/www.best-dentist-dentistry.com\/de\/wp-json\/wp\/v2\/posts"}],"about":[{"href":"https:\/\/www.best-dentist-dentistry.com\/de\/wp-json\/wp\/v2\/types\/post"}],"author":[{"embeddable":true,"href":"https:\/\/www.best-dentist-dentistry.com\/de\/wp-json\/wp\/v2\/users\/1"}],"replies":[{"embeddable":true,"href":"https:\/\/www.best-dentist-dentistry.com\/de\/wp-json\/wp\/v2\/comments?post=32875"}],"version-history":[{"count":0,"href":"https:\/\/www.best-dentist-dentistry.com\/de\/wp-json\/wp\/v2\/posts\/32875\/revisions"}],"wp:attachment":[{"href":"https:\/\/www.best-dentist-dentistry.com\/de\/wp-json\/wp\/v2\/media?parent=32875"}],"wp:term":[{"taxonomy":"category","embeddable":true,"href":"https:\/\/www.best-dentist-dentistry.com\/de\/wp-json\/wp\/v2\/categories?post=32875"},{"taxonomy":"post_tag","embeddable":true,"href":"https:\/\/www.best-dentist-dentistry.com\/de\/wp-json\/wp\/v2\/tags?post=32875"}],"curies":[{"name":"wp","href":"https:\/\/api.w.org\/{rel}","templated":true}]}}