{"id":32911,"date":"2013-01-02T02:29:36","date_gmt":"2013-01-02T02:29:36","guid":{"rendered":null},"modified":"-0001-11-30T00:00:00","modified_gmt":"-0001-11-30T00:00:00","slug":"the-eu-will-propose-boosting-the-green-economy-and-inclusive-in-rio-20","status":"publish","type":"post","link":"https:\/\/www.best-dentist-dentistry.com\/de\/the-eu-will-propose-boosting-the-green-economy-and-inclusive-in-rio-20\/32911","title":{"rendered":"the eu will propose boosting the green economy and inclusive in rio 20"},"content":{"rendered":"<p class=\"first\"> <span class=\"yshortcuts\" id=\"lw_1334836465_6\"> Horsens<\/span> (D\u00e4nemark), 19 APR (EFE).-die Europ\u00e4ische Union (<span class=\"yshortcuts\" id=\"lw_1334836465_0\"> EU<\/span>) wird weltweit in der n\u00e4chsten Konferenz der Vereinten Nationen f\u00fcr nachhaltige Entwicklung Rio + 20 zu einer Wirtschaft, die respektvoll mit der Umwelt und sozial integrativen verschieben vorschlagen.<\/p>\n<p>&#8220;Erstellen einer gr\u00fcnen Wirtschaft und kostenfrei f\u00fcr den Bau einer <span class=\"yshortcuts\"id=\"lw_1334836465_2\"> nachhaltigen Entwicklung<\/span>, dies ist das Rezept, das die EU verteidigen wird Rio + 20, mit den Herausforderungen umzugehen, dass sie Armut und Klimawandel darstellen zu \u00e4ndern, sagte heute der d\u00e4nischen Staatsminister f\u00fcr <span class=\"yshortcuts\"id=\"lw_1334836465_4\"> Umwelt<\/span>, <span class=\"yshortcuts\"id=\"lw_1334836465_8\"> Ida Auken<\/span>, auf einer Konferenz der Press.<\/p>\n<p>Auske&#8221;er hat gehandelt, als Hostess, in informellen Ministerrats Umgebung gestern statt und heute in Horsens (D\u00e4nemark), er die Bedeutung unterstrich der sich zusammen mit der Aspekten soziale, wirtschaftliche und \u00f6kologische L\u00f6sungen, da diese sind erreichen&#8221; untrennbar&#8221;.<\/p>\n<p>Europa beachtet die Ernennung, die von 20 bis 22. Juni in <span class=\"yshortcuts\"id=\"lw_1334836465_7\"> Rio De Janeiro<\/span> (Brasilien), sitzen am Tisch mit ihren Partnern internationale Fortschritte zu erzielen und alle Vorschl\u00e4ge in den Worten des Auken. h\u00f6ren bereit gehalten wird<\/p>\n<p>insbesondere der 27 EU-Mitgliedstaaten m\u00fcssen mit der Bloc lateinamerikanischer L\u00e4nder, angef\u00fchrt von Kolumbien zu verhandeln, haben auf den Tisch gelegt wurden eigene Initiativen, die den Akzent auf die soziale Inhalte und bei der Beseitigung der Armut.<\/p>\n<p>&#8220;Das Konzept ist in der N\u00e4he, da die EU eine integrative gr\u00fcnen Wirtschaft spricht, wir sprechen nicht nur der Umwelt und Wirtschaft, wir wissen auch von den sozialen Folgen und Gerechtigkeit, die haben diese Richtlinien, &#8220;sagte.<\/p>\n<p>Spanien wird sich bem\u00fchen, erleichtern den erforderlichen Konsens auf beiden Seiten des Atlantiks durch seine Verbindungen zur historischen, kulturellen und sprachlichen mit dem lateinischen L\u00e4ndern erkl\u00e4rte der Secretary of State spanischen Umwelt, Federico Ramos, in Aussagen zu Efe.<\/p>\n<p>&#8220;Spanien versteht, dass es sich lohnt Arbeiten durch die Verbindung mit den Zielen der Nachhaltigkeit-\u00d6konomie, des gr\u00fcn&#8221;, sagte der Staatssekret\u00e4r.<\/p>\n<p>Ramos, der auch den Vorsitz des Programms der Vereinten Nationen f\u00fcr die Umwelt (UNEP) besitzt, ist die Einigung m\u00f6glich wenn&#8221; alle arbeiteten f\u00fcr ihn &#8220;und als dieser Farbton Inklusivit\u00e4t was bringt das europ\u00e4ische Konzept in seiner Wette durch die gr\u00fcne Wirtschaft kann sein eine Br\u00fccke zum Abkommen mit seinen Partnern Latinos.<\/p>\n<p>Br\u00fcssel hat eine Liste mit f\u00fcnf Priorit\u00e4ten zur Aushandlung von Rio + 20 erarbeitet: die effiziente Nutzung der Ressourcen und die Verwaltung der Abfall, Wasser und Land und der biologischen Vielfalt, Energie, Ozeane; &#8220;S\u00e4ulen des Lebens&#8221;, in den Worten des EU-Kommissars f\u00fcr Umwelt Janez Potocnik.<\/p>\n<p>Potocnik war realistisch eher als optimistisch auf die Sitzung durch das Gewicht der Wirtschafts- und Finanzkrise, sondern betont die Bedeutung der Nachhaltigkeit, seit in der Umgebung von &#8220;wie der Finanzsektor,&#8221;, wenn verwendet mehr als was du hast, dann wird es schmerzhaft es zur\u00fcckzahlen kann.<\/p>\n<p>eine andere Probleme, die sind die Tabelle der Rio + 20 ist die Einrichtung Ziele oder Ziele f\u00fcr nachhaltige Entwicklung von der internationalen Gemeinschaft, eine Idee auf dem Potocnik hat Gunst, aber wor\u00fcber gibt es wenig Konsens.<\/p>\n<p>spanische Staatssekret\u00e4r wies darauf hin, dass es besteht Interesse an solchen Ma\u00dfnahmen, aber es gibt noch viele Widerst\u00e4nde und Probleme von mehreren Staaten, die es schwer machen erreichen eine Vereinbarung in diesem Sinne in Rio + 20.<\/p>\n<p>auf jeden Fall Ramos betonte, dass die europ\u00e4ischen L\u00e4nder sind klar, dass die Konferenz &#8220;zum hinterlassen einer Nachricht Engagement f\u00fcr eine nachhaltige Entwicklung hat&#8221; und dass es aus diesem Grund funktioniert.EFE<\/p>\n","protected":false},"excerpt":{"rendered":"<p>Horsens (D\u00e4nemark), 19 APR (EFE).-die Europ\u00e4ische Union ( EU) wird weltweit in der n\u00e4chsten Konferenz der Vereinten Nationen f\u00fcr nachhaltige Entwicklung Rio + 20 zu einer Wirtschaft, die respektvoll mit der Umwelt und sozial integrativen verschieben vorschlagen. &#8220;Erstellen einer gr\u00fcnen Wirtschaft und kostenfrei f\u00fcr den Bau einer nachhaltigen Entwicklung, dies ist das Rezept, das die [&hellip;]<\/p>\n","protected":false},"author":1,"featured_media":0,"comment_status":"close","ping_status":"open","sticky":false,"template":"","format":"standard","meta":{"footnotes":""},"categories":[3],"tags":[],"class_list":["post-32911","post","type-post","status-publish","format-standard","hentry","category-allgemeine","et-doesnt-have-format-content","et_post_format-et-post-format-standard"],"_links":{"self":[{"href":"https:\/\/www.best-dentist-dentistry.com\/de\/wp-json\/wp\/v2\/posts\/32911","targetHints":{"allow":["GET"]}}],"collection":[{"href":"https:\/\/www.best-dentist-dentistry.com\/de\/wp-json\/wp\/v2\/posts"}],"about":[{"href":"https:\/\/www.best-dentist-dentistry.com\/de\/wp-json\/wp\/v2\/types\/post"}],"author":[{"embeddable":true,"href":"https:\/\/www.best-dentist-dentistry.com\/de\/wp-json\/wp\/v2\/users\/1"}],"replies":[{"embeddable":true,"href":"https:\/\/www.best-dentist-dentistry.com\/de\/wp-json\/wp\/v2\/comments?post=32911"}],"version-history":[{"count":0,"href":"https:\/\/www.best-dentist-dentistry.com\/de\/wp-json\/wp\/v2\/posts\/32911\/revisions"}],"wp:attachment":[{"href":"https:\/\/www.best-dentist-dentistry.com\/de\/wp-json\/wp\/v2\/media?parent=32911"}],"wp:term":[{"taxonomy":"category","embeddable":true,"href":"https:\/\/www.best-dentist-dentistry.com\/de\/wp-json\/wp\/v2\/categories?post=32911"},{"taxonomy":"post_tag","embeddable":true,"href":"https:\/\/www.best-dentist-dentistry.com\/de\/wp-json\/wp\/v2\/tags?post=32911"}],"curies":[{"name":"wp","href":"https:\/\/api.w.org\/{rel}","templated":true}]}}