{"id":32974,"date":"2013-01-02T02:55:18","date_gmt":"2013-01-02T02:55:18","guid":{"rendered":null},"modified":"-0001-11-30T00:00:00","modified_gmt":"-0001-11-30T00:00:00","slug":"constituted-council-rector-of-the-institute-of-biomedicine-of-malaga-to-boost-research","status":"publish","type":"post","link":"https:\/\/www.best-dentist-dentistry.com\/de\/constituted-council-rector-of-the-institute-of-biomedicine-of-malaga-to-boost-research\/32974","title":{"rendered":"Konstituiert Rat Rektor des Instituts der Biomedizin von Malaga Forschung steigern"},"content":{"rendered":"<p class=\"first\"> MALAGA, 24 (EUROPA PRESS)<\/p>\n<p>des Rektorats der Universit\u00e4t Malaga (UMA) begr\u00fc\u00dft die Einrichtung der Rat Rektor des Instituts der Biomedizin von Malaga (Ibima), deren Ziel es ist, zusammen mit dem akademischen, Tr\u00e4ger zu f\u00f6rdern grundlegende, klinische Forschung und \u00f6ffentliche Gesundheit sowie die Translational mit besseren \u00dcbertragung der wissenschaftlichen Fortschritte erzielt in der Pr\u00e4vention, Diagnose und Behandlung von gesundheitlichen Problemen h\u00e4ufiger in Andalusien.<\/p>\n<p>El-Ibima, deren Rat setzt sich zusammen aus zwei Vertretern der Universit\u00e4t, zwei von der Regierung Gesundheitsministerium regionale und zwei von der andalusischen Health Service (SAS), ist ein Raum der multidisziplin\u00e4ren biomedizinische Forschung, die vor allem auf die regionale Krankenhaus Malaga und der Virgen De La Victoria, ein hohes Ma\u00df an Sorgfalt Zentren. integriert<\/p>\n<p>nicht Jedoch ist offen f\u00fcr alle Zentren f\u00fcr das \u00f6ffentliche Gesundheitswesen der Provinz Malaga, beide Grundversorgung und spezialisiert. dient zur Durchf\u00fchrung einer biomedizinischen Forschung multidisziplin\u00e4r und wettbewerbsf\u00e4higen Weltklasse auf die Ursachen der Krankheiten in der Bev\u00f6lkerung am weitesten verbreiteten und die Entwicklung neuer Methoden zur Diagnose und Behandlung f\u00fcr das gleiche.<\/p>\n<p>in der Tat wurden die Ernennung des Direktors, Vizedirektor und Leiter der Ibima, Federico Soriguer, Maribel Lucena, Itziar Ochotorena, bzw.. Dar\u00fcber hinaus wurde den Aufruf dieser K\u00f6rper, als auch f\u00fcr die Einbeziehung der Forschungsgruppen, legen den Grundstein f\u00fcr die Zusammensetzung des externen wissenschaftlichen Beirats.<\/p>\n<p>der Verfassung des Rates haben teilgenommen, unter anderem der Rektor AMU, Adelaida De La Calle, Vizerektor der Universit\u00e4t Koordination, Jose \u00c1ngel Narv\u00e1ez; Generaldirektor der Qualit\u00e4t, Forschung, Entwicklung und Innovation des Ministeriums f\u00fcr Gesundheit, Jer\u00f3nimo Pach\u00f3n; der Generaldirektor der SAS, Jos\u00e9 Luis Guti\u00e9rrez, Manager im Krankenhaus Virgen De La Victoria, Tom\u00e1s Urda und der Generaldirektor des Fortschritts Foundation und der Gesundheit, Juan Jesus Fahne.<\/p>\n<p>Absolventen in Architektur<\/p>\n<p>auf der anderen Seite von der UMA meldeten durch eine Pressemitteilung, dass die \u00fcberlegene technische Schule der Architektur bereits ihre ersten f\u00fcnf haben Absolventen, die nach dem 19. Juli vier Studenten des Zentrums, die beitreten werden Ana Garc\u00eda Puyol, schloss sein Studium das letzte Jahr. geschlossene<\/p>\n<p>Alejandro Garc\u00eda Ramos, Jaime Munn\u00e9 Quellen, Patricia Plaza Garcia und Carmen D\u00edaz S\u00e1nchez erhalten die positive Bewertung der Bewertung Ausschu\u00df f\u00fcr seine Doktorarbeit, die schl\u00e4gt Kulturr\u00e4ume Lern-und Forschung.<\/p>\n<p>Arbeit, die als Enklave der Altbau der Kinos Astoria in der Plaza De La Merced, dar\u00fcber hinaus, die Zusammenarbeit zwischen der Schule der Architektur und der Stadt. mit diesen \u00dcbungen Studenten verfolgen auch zeigen, dass es gibt andere Wege tun, anders als die etablierten Architektur<\/p>\n<p>in diesem Sinne hat Alejandro Garc\u00eda erkl\u00e4rt, dass &#8220;die Architektur werden, als bearbeitbare Prozess in welche Modi des Lebens stattfinden und wo der Nutzer verstanden sollte als Verbraucher an Teilnehmer in das Abenteuer der Verwirklichung der eigenen Wohnung \u00fcbergibt&#8221;.<\/p>\n","protected":false},"excerpt":{"rendered":"<p>MALAGA, 24 (EUROPA PRESS) des Rektorats der Universit\u00e4t Malaga (UMA) begr\u00fc\u00dft die Einrichtung der Rat Rektor des Instituts der Biomedizin von Malaga (Ibima), deren Ziel es ist, zusammen mit dem akademischen, Tr\u00e4ger zu f\u00f6rdern grundlegende, klinische Forschung und \u00f6ffentliche Gesundheit sowie die Translational mit besseren \u00dcbertragung der wissenschaftlichen Fortschritte erzielt in der Pr\u00e4vention, Diagnose und [&hellip;]<\/p>\n","protected":false},"author":1,"featured_media":0,"comment_status":"close","ping_status":"open","sticky":false,"template":"","format":"standard","meta":{"footnotes":""},"categories":[3],"tags":[43257],"class_list":["post-32974","post","type-post","status-publish","format-standard","hentry","category-allgemeine","tag-konstituiert","et-doesnt-have-format-content","et_post_format-et-post-format-standard"],"_links":{"self":[{"href":"https:\/\/www.best-dentist-dentistry.com\/de\/wp-json\/wp\/v2\/posts\/32974","targetHints":{"allow":["GET"]}}],"collection":[{"href":"https:\/\/www.best-dentist-dentistry.com\/de\/wp-json\/wp\/v2\/posts"}],"about":[{"href":"https:\/\/www.best-dentist-dentistry.com\/de\/wp-json\/wp\/v2\/types\/post"}],"author":[{"embeddable":true,"href":"https:\/\/www.best-dentist-dentistry.com\/de\/wp-json\/wp\/v2\/users\/1"}],"replies":[{"embeddable":true,"href":"https:\/\/www.best-dentist-dentistry.com\/de\/wp-json\/wp\/v2\/comments?post=32974"}],"version-history":[{"count":0,"href":"https:\/\/www.best-dentist-dentistry.com\/de\/wp-json\/wp\/v2\/posts\/32974\/revisions"}],"wp:attachment":[{"href":"https:\/\/www.best-dentist-dentistry.com\/de\/wp-json\/wp\/v2\/media?parent=32974"}],"wp:term":[{"taxonomy":"category","embeddable":true,"href":"https:\/\/www.best-dentist-dentistry.com\/de\/wp-json\/wp\/v2\/categories?post=32974"},{"taxonomy":"post_tag","embeddable":true,"href":"https:\/\/www.best-dentist-dentistry.com\/de\/wp-json\/wp\/v2\/tags?post=32974"}],"curies":[{"name":"wp","href":"https:\/\/api.w.org\/{rel}","templated":true}]}}