{"id":33028,"date":"2013-01-02T03:29:52","date_gmt":"2013-01-02T03:29:52","guid":{"rendered":null},"modified":"-0001-11-30T00:00:00","modified_gmt":"-0001-11-30T00:00:00","slug":"tribute-to-professionals-retirees-in-sant-joan","status":"publish","type":"post","link":"https:\/\/www.best-dentist-dentistry.com\/de\/tribute-to-professionals-retirees-in-sant-joan\/33028","title":{"rendered":"tribute to professionals retirees in sant joan"},"content":{"rendered":"<p><strong>Hommage an Profis Rentner in den Sant Joan<\/strong>. <\/p>\n<p><font size=\"2\"> <strong>Sant Juan, Dezember 2012.-<\/strong> Abteilung der Gesundheit Alicante &#8211; Sant Joan d &#8217; Alacant hat die traditionelle Ehrung f\u00fcr Profis Rentner in diesem Jahr statt, in einem Akt, der stattgefunden hat in das Oberlicht des Krankenhauses Sant Joan und das Arbeitnehmer-Zentrum und das Management-Team besucht haben. <\/p>\n<p align=\"center\"> <img loading=\"lazy\" decoding=\"async\" title=\"\" height=\"338\" alt=\"\" src=\"http:\/\/www.best-dentist-dentistry.com\/best-dentist-images\/tribute-to-professionals-retirees-in-sant-joan.JPG\" width=\"450\" align=\"baseline\" border=\"0\"\/><\/p>\n<p> der Leiter der Abteilung, Antonio Mu\u00f1oz, widmet Les ein paar Worte der Wertsch\u00e4tzung, Anerkennung der  wichtig, dass sie die Arbeit eines jeden von ihnen wurde &#8221; und betont, dass,  in vielerlei Hinsicht sind Sie immer noch ein Teil dieser gro\u00dfen Familie, und Sie sind verbunden mit dieser Abteilung &#8221;. <\/p>\n<p>Eine insgesamt 30 Besch\u00e4ftigte von verschiedenen Kategorien Professional aus beiden wie Krankenhaus prim\u00e4re Pflege, erhielten eine Gedenktafel in W\u00fcrdigung seiner Lieferung, w\u00e4hrend seiner Jahre des Dienstes f\u00fcr das Gesundheitssystem in Valencia. <\/p>\n<p align=\"center\"> <img loading=\"lazy\" decoding=\"async\" title=\"\" height=\"338\" alt=\"\" src=\"http:\/\/www.best-dentist-dentistry.com\/best-dentist-images\/tribute-to-professionals-retirees-in-sant-joan.JPG\" width=\"450\" align=\"baseline\" border=\"0\"\/><\/p>\n<p> Spezialit\u00e4ten Sant\u00edsima Faz Center beherbergt wiederum \u00f6ffentlichen Anerkennung f\u00fcr das Engagement der acht Profis, die im Ruhestand w\u00e4hrend 2012, dem Vorsitz der territorialen Direktor von Gesundheit und Wohlbefinden in Alicante, Jos\u00e9 Angel S\u00e1nchez Navajas. <\/p>\n<p><\/font><\/p>\n","protected":false},"excerpt":{"rendered":"<p>Hommage an Profis Rentner in den Sant Joan. Sant Juan, Dezember 2012.- Abteilung der Gesundheit Alicante &#8211; Sant Joan d &#8217; Alacant hat die traditionelle Ehrung f\u00fcr Profis Rentner in diesem Jahr statt, in einem Akt, der stattgefunden hat in das Oberlicht des Krankenhauses Sant Joan und das Arbeitnehmer-Zentrum und das Management-Team besucht haben. der [&hellip;]<\/p>\n","protected":false},"author":1,"featured_media":0,"comment_status":"close","ping_status":"open","sticky":false,"template":"","format":"standard","meta":{"footnotes":""},"categories":[3],"tags":[],"class_list":["post-33028","post","type-post","status-publish","format-standard","hentry","category-allgemeine","et-doesnt-have-format-content","et_post_format-et-post-format-standard"],"_links":{"self":[{"href":"https:\/\/www.best-dentist-dentistry.com\/de\/wp-json\/wp\/v2\/posts\/33028","targetHints":{"allow":["GET"]}}],"collection":[{"href":"https:\/\/www.best-dentist-dentistry.com\/de\/wp-json\/wp\/v2\/posts"}],"about":[{"href":"https:\/\/www.best-dentist-dentistry.com\/de\/wp-json\/wp\/v2\/types\/post"}],"author":[{"embeddable":true,"href":"https:\/\/www.best-dentist-dentistry.com\/de\/wp-json\/wp\/v2\/users\/1"}],"replies":[{"embeddable":true,"href":"https:\/\/www.best-dentist-dentistry.com\/de\/wp-json\/wp\/v2\/comments?post=33028"}],"version-history":[{"count":0,"href":"https:\/\/www.best-dentist-dentistry.com\/de\/wp-json\/wp\/v2\/posts\/33028\/revisions"}],"wp:attachment":[{"href":"https:\/\/www.best-dentist-dentistry.com\/de\/wp-json\/wp\/v2\/media?parent=33028"}],"wp:term":[{"taxonomy":"category","embeddable":true,"href":"https:\/\/www.best-dentist-dentistry.com\/de\/wp-json\/wp\/v2\/categories?post=33028"},{"taxonomy":"post_tag","embeddable":true,"href":"https:\/\/www.best-dentist-dentistry.com\/de\/wp-json\/wp\/v2\/tags?post=33028"}],"curies":[{"name":"wp","href":"https:\/\/api.w.org\/{rel}","templated":true}]}}