{"id":33040,"date":"2013-01-02T03:32:08","date_gmt":"2013-01-02T03:32:08","guid":{"rendered":null},"modified":"-0001-11-30T00:00:00","modified_gmt":"-0001-11-30T00:00:00","slug":"lasquetty-freedom-of-expression-does-not-right-to-lie-and-less-to-intimidate","status":"publish","type":"post","link":"https:\/\/www.best-dentist-dentistry.com\/de\/lasquetty-freedom-of-expression-does-not-right-to-lie-and-less-to-intimidate\/33040","title":{"rendered":"Lasquetty: freie Meinungs\u00e4u\u00dferung nicht richtig zu liegen und weniger einsch\u00fcchtern"},"content":{"rendered":"<p class=\"first\"> Madrid, 29 nov (EFE).-der Minister f\u00fcr Gesundheit der Gemeinschaft von Madrid, Javier Fern\u00e1ndez Lasquetty, sagte heute, dass die freie Meinungs\u00e4u\u00dferung nicht berechtigt &#8220;liegen, viel weniger zu L\u00fcgen, um zu erschrecken&#8221; und daher bestellte die Beseitigung der Banner, die in Gesundheitszentren gewarnt, die Zahlen f\u00fcr die Gesundheit Hilfe.<\/p>\n<p>Lasquetty hat diese Aussagen bei der Pressekonferenz nach der Rat der Regierung, die best\u00e4tigt hat, dass das Gesundheitsministerium &#8220;Lehren eine Anweisung&#8221; also zur\u00fcckzuziehen, die transparente und Plakate, das hing von den letzten zwei Wochen in einigen Gesundheit Warnung Gemeinschaftsb\u00fcrger Zentren Pflege frei w\u00e4re.<\/p>\n<p>Berater hat darauf bestanden, dass niemand geht zu zahlen f\u00fcr den Dienst in der \u00f6ffentlichen Gesundheit Madrile\u00f1a y Por Eso Se Orden\u00f3 la Retirada de Cualquier Kartell &#8220;Que Hiciera Ver Los Pacientes Que Exist\u00eda un Precio ein Pagar Por Ser Atendidos Sanitariamente&#8221; e Incluso Que Se Quitan las &#8220;Tablas de Precios&#8221; Que, Seg\u00fan ha Dicho, Se Colgaron En Algunos Centros.<\/p>\n<p>Ha Se\u00f1alado Lo Que Se Advirti\u00f3 de Que Estos Carteles Incumpl\u00edan la Legalidad Vigente Porque Su Contenido es &#8220;tan Disparatado y gesetzlichen Como Decir Que kein Se va eine Atender a las Mujeres&#8221; y Porque &#8220;kein hay Por Qu\u00e9 Pensar Que el Ciudadano keine va eine Creer lo Que Dicen, Porque de Hecho Se Ponen Para Que Se Crea&#8221;.<\/p>\n<p>Por Ello, Javier Fern\u00e1ndez Lasquetty ha Manifestado Que el Lunes Pasado &#8220;Se Orden\u00f3 a Los Servicios de Limpieza&#8221; de Los Hospitales y Los Centros de Salud Que Los &#8220;Limpiaran&#8221; de Carteles, &#8220;sin Mas Pretensiones ni M\u00e1s Justificaci\u00f3n Que el Hecho de Que Nadie es Due\u00f1o de Los Centros Sanitarios, ni Siquiera Los Que Trabajan de Ellos&#8221;.<\/p>\n<p>El Stadtrat hinzugef\u00fcgt, dass jede &#8220;alle das Recht hat auf freie Meinungs\u00e4u\u00dferung zu demonstrieren&#8221;, aber nicht durch das Verfahren der &#8220;Aneignung&#8221;, weil &#8220;das ist die Privatisierung des \u00f6ffentlichen Raums&#8221;.<\/p>\n<p>zur Kritik der parlamentarischen Gruppen der Opposition \u00fcber den Zweck der &#8220;Privatisierung&#8221; des Aktionsplans der Gemeinschaft, Lasquetty Gesundheit Einstellungen hat darauf hingewiesen, dass &#8220;la Mentira&#8221; schien &#8220;sehr besch\u00e4mend und sehr vile,&#8221; sprechen, es wer it. auszusprechen<\/p>\n<p>&#8220;Wenn wer es, Tom\u00e1s G\u00f3mez (Sprecher der PSOE in der Assembly ausspricht) die einzigartige Ehrerbietung ist, dass er gesagt hat, es so oft mehr sagt es weniger Menschen Sie stimmen, wie wir von zwei Wahlprozesse akkreditiert haben&#8221;, sagte der Berater.<\/p>\n<p>seiner Ansicht nach diese Haltung der Gomez &rsquo; sch\u00e4ndlichen und abscheulichen sein, weil es politische Umsatzbasis erhalten soll weiterhin Menschen zu erschrecken &#8220;und vor allem Basis erhalten stimmen zu terrorisieren,&#8221;sie brauchen, dass weitere Pflege&#8221;, zu wissen, die&#8221;das Gegenteil der Wahrheit zu sagen ist&#8221;.<\/p>\n","protected":false},"excerpt":{"rendered":"<p>Madrid, 29 nov (EFE).-der Minister f\u00fcr Gesundheit der Gemeinschaft von Madrid, Javier Fern\u00e1ndez Lasquetty, sagte heute, dass die freie Meinungs\u00e4u\u00dferung nicht berechtigt &#8220;liegen, viel weniger zu L\u00fcgen, um zu erschrecken&#8221; und daher bestellte die Beseitigung der Banner, die in Gesundheitszentren gewarnt, die Zahlen f\u00fcr die Gesundheit Hilfe. Lasquetty hat diese Aussagen bei der Pressekonferenz nach [&hellip;]<\/p>\n","protected":false},"author":1,"featured_media":0,"comment_status":"close","ping_status":"open","sticky":false,"template":"","format":"standard","meta":{"footnotes":""},"categories":[3],"tags":[43330,43329],"class_list":["post-33040","post","type-post","status-publish","format-standard","hentry","category-allgemeine","tag-einschchtern","tag-meinungsuerung","et-doesnt-have-format-content","et_post_format-et-post-format-standard"],"_links":{"self":[{"href":"https:\/\/www.best-dentist-dentistry.com\/de\/wp-json\/wp\/v2\/posts\/33040","targetHints":{"allow":["GET"]}}],"collection":[{"href":"https:\/\/www.best-dentist-dentistry.com\/de\/wp-json\/wp\/v2\/posts"}],"about":[{"href":"https:\/\/www.best-dentist-dentistry.com\/de\/wp-json\/wp\/v2\/types\/post"}],"author":[{"embeddable":true,"href":"https:\/\/www.best-dentist-dentistry.com\/de\/wp-json\/wp\/v2\/users\/1"}],"replies":[{"embeddable":true,"href":"https:\/\/www.best-dentist-dentistry.com\/de\/wp-json\/wp\/v2\/comments?post=33040"}],"version-history":[{"count":0,"href":"https:\/\/www.best-dentist-dentistry.com\/de\/wp-json\/wp\/v2\/posts\/33040\/revisions"}],"wp:attachment":[{"href":"https:\/\/www.best-dentist-dentistry.com\/de\/wp-json\/wp\/v2\/media?parent=33040"}],"wp:term":[{"taxonomy":"category","embeddable":true,"href":"https:\/\/www.best-dentist-dentistry.com\/de\/wp-json\/wp\/v2\/categories?post=33040"},{"taxonomy":"post_tag","embeddable":true,"href":"https:\/\/www.best-dentist-dentistry.com\/de\/wp-json\/wp\/v2\/tags?post=33040"}],"curies":[{"name":"wp","href":"https:\/\/api.w.org\/{rel}","templated":true}]}}