{"id":33084,"date":"2013-01-03T02:45:28","date_gmt":"2013-01-03T02:45:28","guid":{"rendered":null},"modified":"-0001-11-30T00:00:00","modified_gmt":"-0001-11-30T00:00:00","slug":"is-the-next-dish-in-gluten-free-menu-paste-of-bananaij","status":"publish","type":"post","link":"https:\/\/www.best-dentist-dentistry.com\/de\/is-the-next-dish-in-gluten-free-menu-paste-of-bananaij\/33084","title":{"rendered":"is the next dish in gluten free menu paste of bananaij"},"content":{"rendered":"<p class=\"first\"> NUEVA YORK (Reuters Health) &#8211; Las Pasta de Harina de Banane<\/p>\n<p>Verde Podr\u00edan Ser un Nuevo Plato Para Las Personas Cel\u00edacas.<\/p>\n<p>Un Equipo de Brasil Comprob\u00f3 Que la Mayor\u00eda de un Grupo Con<\/p>\n<p>y sin la Enfermedad Darm, Que Interfiere de la Capacidad<\/p>\n<p>del Organismo de Procesar Ciertos Granos, Disfrut\u00f3 del Sabor y<\/p>\n<p>la Textura de Esta surtout Alimentaria.<\/p>\n<p>de Las Personas Cel\u00edacas, Que Sohn el 1 Por Ciento de Los<\/p>\n<p>Estadounidenses, el Sistema Inmunol\u00f3gico Reacciona Contra el<\/p>\n<p>Gluten, la Prote\u00edna del Trigo, la Cebada y el Centeno. Consumir<\/p>\n<p>Alimentos con Gluten Da\u00f1a el Intestino Delgado, lo Impide Que<\/p>\n<p>Que Absorba Los Nutrientes.<\/p>\n<p>El \u00danico Tratamiento Para la Enfermedad Cel\u00edaca es la Dieta<\/p>\n<p>Libre de Gluten, es Decir, sin Los Bereiche Los Cereales y Las<\/p>\n<p>Pasta Tradicionales.<\/p>\n<p>&#8220;El Desaf\u00edo Con Las Pasta s\u00fcndigen Gluten es Que kein Se Cocinan<\/p>\n<p>c&#8221;omo pastas of wheat flour, are not maintained well for<\/p>\n<p>serve&#8221;, said Cynthia K\u00fcpper, registered dietitian and Director of the Group of<\/p>\n<p>intolerance to Gluten, a nonprofit organization<\/p>\n<p>helps people with intolerance to gluten. noted that not<\/p>\n<p>would serve that option at a dinner with guests.<\/p>\n<p>&#8220;to serve it hardens or is pega. nutritional quality<\/p>\n<p>is not the best, as in the majority of these pastes&#8221;,<\/p>\n<p>added.<\/p>\n<p>Brazilian authors wanted to check if the pasta of<\/p>\n<p>flour of green banana, which is an inexpensive alternative and<\/p>\n<p>simple produce, would be different.<\/p>\n<p>Raquel Botelho, nutritionist with the University team<\/p>\n<p>Brasilia, cooked a dish of test: pasta made with flour<\/p>\n<p>banana dried, egg white, water, gum guar and xanthan gum,<\/p>\n<p>that gives firmness and elasticity.<\/p>\n<p> < p> Los Autores Les Sirvieron Su Creaci\u00f3n ein 25 Mr<\/p>\n<p>Cel\u00edacos y ein Sanas 50 Personas Que lo Recibieron Una surtout<\/p>\n<p>de Pasta de Harina de Trigo integraler Como Comida de<\/p>\n<p>Comparaci\u00f3n.<\/p>\n<p>M\u00e1s de Cuatro de Cada Cinco Cel\u00edacos Calific\u00f3 Las Pasta de<\/p>\n<p>Banane Verde con Seis o M\u00e1s Puntos de Una Escala de Nueve<\/p>\n<p>Puntos.<\/p>\n<p>de Cambio, el 60 Por Ciento del Grupo sin Intolerancia al<\/p>\n<p>Gluten le Dio Una Buena Calificaci\u00f3n al Nuevo Plato, Aunque<\/p>\n<p>Consider\u00f3 Que Tan Ten\u00eda Buen Sabor, Duft y a\u00f1adir Como Las<\/p>\n<p>Pasta de Harina integral, y Que la Textura de Las Pasta de<\/p>\n<p>Banane Verde \u00c4ra \u00fcberlegen, Seg\u00fan Detalla el Equipo de Journal des<\/p>\n<p>der Akademie f\u00fcr Ern\u00e4hrung und Di\u00e4tetik.<\/p>\n<p>Lo, Las Pasta de Harina de Banane Aportaron Menos<\/p>\n<p>Calor\u00edas y Grasa Por Porci\u00f3n Que la Versi\u00f3n Integral.<\/p>\n<p>Botelho kommentiert, dass sie mit seinem Team optimistisch sind die<\/p>\n<p>verwenden Sie Mehl Banane gr\u00fcn aus den Studien.<\/p>\n<p>&#8220;gr\u00fcne Bananen hat, bioaktive Substanzen und St\u00e4rke<\/p>\n<p>resistent sind im allgemeinen gesund f\u00fcr den Darm. die<\/p>\n<p>Z\u00f6liakie-Patienten entwickeln Darm wenn nicht St\u00f6rungen<\/p>\n<p>richtige Ern\u00e4hrung einhalten&#8221;, erkl\u00e4rte in einer e-Mail e.<\/p>\n<p>&#8220;gr\u00fcne Bananen Mehl produzieren k\u00f6nnen<\/p>\n<p>Weitere Produkte f\u00fcr Menschen mit Z\u00f6liakie, wie Brot, Kekse und<\/p>\n<p>Br\u00f6tchen, Pizza&#8221;, hinzugef\u00fcgt.<\/p>\n<p>Quelle: Zeitschrift der Akademie f\u00fcr Ern\u00e4hrung und Di\u00e4tetik,<\/p>\n<p>online 21. Juni 2012.<\/p>\n","protected":false},"excerpt":{"rendered":"<p>NUEVA YORK (Reuters Health) &#8211; Las Pasta de Harina de Banane Verde Podr\u00edan Ser un Nuevo Plato Para Las Personas Cel\u00edacas. Un Equipo de Brasil Comprob\u00f3 Que la Mayor\u00eda de un Grupo Con y sin la Enfermedad Darm, Que Interfiere de la Capacidad del Organismo de Procesar Ciertos Granos, Disfrut\u00f3 del Sabor y la Textura [&hellip;]<\/p>\n","protected":false},"author":1,"featured_media":0,"comment_status":"close","ping_status":"open","sticky":false,"template":"","format":"standard","meta":{"footnotes":""},"categories":[3],"tags":[],"class_list":["post-33084","post","type-post","status-publish","format-standard","hentry","category-allgemeine","et-doesnt-have-format-content","et_post_format-et-post-format-standard"],"_links":{"self":[{"href":"https:\/\/www.best-dentist-dentistry.com\/de\/wp-json\/wp\/v2\/posts\/33084","targetHints":{"allow":["GET"]}}],"collection":[{"href":"https:\/\/www.best-dentist-dentistry.com\/de\/wp-json\/wp\/v2\/posts"}],"about":[{"href":"https:\/\/www.best-dentist-dentistry.com\/de\/wp-json\/wp\/v2\/types\/post"}],"author":[{"embeddable":true,"href":"https:\/\/www.best-dentist-dentistry.com\/de\/wp-json\/wp\/v2\/users\/1"}],"replies":[{"embeddable":true,"href":"https:\/\/www.best-dentist-dentistry.com\/de\/wp-json\/wp\/v2\/comments?post=33084"}],"version-history":[{"count":0,"href":"https:\/\/www.best-dentist-dentistry.com\/de\/wp-json\/wp\/v2\/posts\/33084\/revisions"}],"wp:attachment":[{"href":"https:\/\/www.best-dentist-dentistry.com\/de\/wp-json\/wp\/v2\/media?parent=33084"}],"wp:term":[{"taxonomy":"category","embeddable":true,"href":"https:\/\/www.best-dentist-dentistry.com\/de\/wp-json\/wp\/v2\/categories?post=33084"},{"taxonomy":"post_tag","embeddable":true,"href":"https:\/\/www.best-dentist-dentistry.com\/de\/wp-json\/wp\/v2\/tags?post=33084"}],"curies":[{"name":"wp","href":"https:\/\/api.w.org\/{rel}","templated":true}]}}