{"id":33309,"date":"2013-01-09T02:31:18","date_gmt":"2013-01-09T02:31:18","guid":{"rendered":null},"modified":"-0001-11-30T00:00:00","modified_gmt":"-0001-11-30T00:00:00","slug":"joan-march-workers-were-encerraran-in-the-hospital-from-monday","status":"publish","type":"post","link":"https:\/\/www.best-dentist-dentistry.com\/de\/joan-march-workers-were-encerraran-in-the-hospital-from-monday\/33309","title":{"rendered":"joan march workers were encerraran in the hospital from monday"},"content":{"rendered":"<p class=\"first\"> PALMA DE Mallorca, 30 (EUROPA PRESS)<\/p>\n<p><span class=\"yshortcuts\" id=\"lw_1335814937_4\"> Arbeiter<\/span> von dem <span class=\"yshortcuts\" id=\"lw_1335814937_0\"> Krankenhaus Joan March<\/span> &#8220;Encerrar\u00e1n&#8221; von diesem Montag um 10 Uhr auf dem Gel\u00e4nde des Krankenhauses aus Protest beim Abschluss gab am Montag die <span class=\"yshortcuts\" id=\"lw_1335814937_5\"> Regierung<\/span> innerhalb des Planes f\u00fcr das <span class=\"yshortcuts\" id=\"lw_1335814937_3\"> wirtschaftliche Gleichgewicht<\/span> und die Tatsache, dass &#8220;keine Erkl\u00e4rung&#8221; nicht erhalten haben in dieser Hinsicht durch die autonome Verwaltung bekannt.<\/p>\n<p>wie Europa Press Quellen des Abschnitts CAIB CCOO Union berichtet die um 200 Arbeitnehmer dieses Zentrum haben beschlossen, durch einen &#8220;unbegrenzten gegen die Schlie\u00dfung des Krankenhauses&#8221; einschlie\u00dfen und den &#8220;Mangel an Informationen&#8221; die rund 200 Mitarbeitern hier\u00fcber erhalten haben.<\/p>\n<p> &lt; p&gt; Allerdings haben es klar, das nicht alle Mitarbeiter, in den Protest teilnehmen, da sie nicht wollen, dass dieses Gesetz Folgen f\u00fcr die Benutzer des Krankenhauses, hat, so dass, wenn Unterst\u00fctzung h\u00e4ngt von den Verschiebungen der einzelnen professionelle.<\/p>\n<p>in diesem Sinne haben sie kritisiert noch nicht wissen, was passieren wird, mit Arbeitern, Joan March, beide im Allgemeinen Krankenhaus, und sie haben am Mittwoch erkl\u00e4rt, sie hielten eine Assembly, die entscheidet, welche Anspr\u00fcche an die Regierung. zur Verf\u00fcgung stellt<\/p>\n<p>&#8220;Hoffnung, dass die Verwaltung nach der Versammlung am Mittwoch, Antworten auf Fragen geben, die wir tun, weil sie keine klare Antwort gegeben haben&#8221;. Auch, zeitgleich mit der Schliessung, hing an der Fassade des Geh\u00e4uses ein Farbband Schwarzes als Symbol f\u00fcr die Verteidigung der \u00f6ffentlichen Dienstleistungen.<\/p>\n","protected":false},"excerpt":{"rendered":"<p>PALMA DE Mallorca, 30 (EUROPA PRESS) Arbeiter von dem Krankenhaus Joan March &#8220;Encerrar\u00e1n&#8221; von diesem Montag um 10 Uhr auf dem Gel\u00e4nde des Krankenhauses aus Protest beim Abschluss gab am Montag die Regierung innerhalb des Planes f\u00fcr das wirtschaftliche Gleichgewicht und die Tatsache, dass &#8220;keine Erkl\u00e4rung&#8221; nicht erhalten haben in dieser Hinsicht durch die autonome [&hellip;]<\/p>\n","protected":false},"author":1,"featured_media":0,"comment_status":"close","ping_status":"open","sticky":false,"template":"","format":"standard","meta":{"footnotes":""},"categories":[3],"tags":[],"class_list":["post-33309","post","type-post","status-publish","format-standard","hentry","category-allgemeine","et-doesnt-have-format-content","et_post_format-et-post-format-standard"],"_links":{"self":[{"href":"https:\/\/www.best-dentist-dentistry.com\/de\/wp-json\/wp\/v2\/posts\/33309","targetHints":{"allow":["GET"]}}],"collection":[{"href":"https:\/\/www.best-dentist-dentistry.com\/de\/wp-json\/wp\/v2\/posts"}],"about":[{"href":"https:\/\/www.best-dentist-dentistry.com\/de\/wp-json\/wp\/v2\/types\/post"}],"author":[{"embeddable":true,"href":"https:\/\/www.best-dentist-dentistry.com\/de\/wp-json\/wp\/v2\/users\/1"}],"replies":[{"embeddable":true,"href":"https:\/\/www.best-dentist-dentistry.com\/de\/wp-json\/wp\/v2\/comments?post=33309"}],"version-history":[{"count":0,"href":"https:\/\/www.best-dentist-dentistry.com\/de\/wp-json\/wp\/v2\/posts\/33309\/revisions"}],"wp:attachment":[{"href":"https:\/\/www.best-dentist-dentistry.com\/de\/wp-json\/wp\/v2\/media?parent=33309"}],"wp:term":[{"taxonomy":"category","embeddable":true,"href":"https:\/\/www.best-dentist-dentistry.com\/de\/wp-json\/wp\/v2\/categories?post=33309"},{"taxonomy":"post_tag","embeddable":true,"href":"https:\/\/www.best-dentist-dentistry.com\/de\/wp-json\/wp\/v2\/tags?post=33309"}],"curies":[{"name":"wp","href":"https:\/\/api.w.org\/{rel}","templated":true}]}}