{"id":33495,"date":"2013-01-12T02:31:15","date_gmt":"2013-01-12T02:31:15","guid":{"rendered":null},"modified":"-0001-11-30T00:00:00","modified_gmt":"-0001-11-30T00:00:00","slug":"doctors-and-medical-employees-wary-of-morales-and-maintain-protests","status":"publish","type":"post","link":"https:\/\/www.best-dentist-dentistry.com\/de\/doctors-and-medical-employees-wary-of-morales-and-maintain-protests\/33495","title":{"rendered":"doctors and medical employees wary of morales and maintain protests"},"content":{"rendered":"<p class=\"first\"> <span class=\"yshortcuts\" id=\"lw_1336233620_2\"> La Paz<\/span>, 5 kann (EFE).-die <span class=\"yshortcuts\" id=\"lw_1336233620_5\"> medizinische<\/span> und \u00f6ffentliche Gesundheit Mitarbeiter kommen mit Misstrauen die Ank\u00fcndigung von Pr\u00e4sident von Bolivien, Evo Morales, \u00fcber die Aussetzung des Dekrets, die Ihren Arbeitstag von sechs bis acht Stunden, erh\u00f6ht und erfordern Sie Abbrechen es endg\u00fcltig um den Streik zu unterlassen, die seit sechs Wochen. begann<\/p>\n<p>ein F\u00fchrer der Konf\u00f6deration der Arbeiter in Gesundheit, Jose Gonzalez, Efe sagte, dass die Aussetzung des Dekrets k\u00fcndigte gestern Abend von &#8220;Morales garantiert nicht&#8221;, es gibt auch rechtlich durch die verlangte des Urteils zu diesem Standard. f\u00fcr nichtig zu erkl\u00e4ren<\/p>\n<p>&#8220;auf diesem Weg finden nicht die L\u00f6sung des Konflikts, die wir f\u00fchren. &#8220;Bestimmung des Bundes und der Central Obrera Boliviana (COB) ist klar: der Pr\u00e4sident, die v\u00f6llig das Dekret aufgehoben, so dass Druck Ma\u00dfnahmen aussetzen k\u00f6nnen verklagt werden&#8221;, erl\u00e4utert.<\/p>\n<p>dieses Ansatzes wird durch den Pr\u00e4sidenten der medizinischen College Bolivien, Alfonso Nachbarschaften, f\u00fcr wen die Ank\u00fcndigung Morales &#8220;eine Ablenkung k\u00f6nnte&#8221; geteilt zu entwaffnen der Streikenden.<\/p>\n<p>&#8220;im Moment k\u00f6nnen wir nicht Druckmessungen unterbrechen, da gibt es Misstrauen anzeigen Empf\u00e4nglichkeit.&#8221;, erkl\u00e4rt Nachbarschaften Radio Erbol.<\/p>\n<p>erinnert den Fall der indigenen Bev\u00f6lkerung, die eine Stra\u00dfe im Naturpark Tipnis, abzulehnen, die diesem Erlass Morales verwaltet ein Gesetz verbietet jede Fahrbahn-Projekt in der Reserva Oriente, obwohl dann bereut und besteht auf die Wiederaufnahme der arbeiten, finanziert durch Brasilien. 2011 nach einem 66-Tag bis La Paz, M\u00e4rz<\/p>\n<p>Nachbarschaften Er wies darauf hin, dass sie Aguardar\u00e1n jeden Beamten dokumentieren auf die Ank\u00fcndigung von Morales analysieren es mit medizinischen Schulen Abteilungs- und definieren sie ob am Ende der Proteste.<\/p>\n<p>sowohl \u00c4rzte als auch die Gesundheit angenommen, die Einladung von Morales zu einem &#8220;nationalen Gipfel&#8221; im Juli Entwurf eines neuen Gesundheitssystems, aber darauf bestehen zun\u00e4chst endg\u00fcltig Dekret aufheben muss, die Ihren Tag erh\u00f6ht.<\/p>\n<p>unterst\u00fctzt von Studenten der Medizin und COB, die gr\u00f6\u00dfte gewerkschaftliche Organisation bolivianischen, beide Gruppen sind seit dem 28. M\u00e4rz arbeitslos.<\/p>\n<p>sie haben Streikposten Linien Hungerstreiks gebildet und f\u00fchrte t\u00e4glich Demonstrationen und Blockaden im ganzen Land, argumentiert, dass das Dekret nicht vereinbart wurde oder die M\u00e4ngel der Gesundheit von Bolivien, eines der \u00e4rmsten L\u00e4nder in Lateinamerika l\u00f6sen.<\/p>\n<p> &lt; p&gt; Morales eingefahren gestern Abend mindestens Wort, von ihrer Entscheidung \u00fcber den achtst\u00fcndigen Arbeitstag f\u00fcr medizinische und sanit\u00e4re, belagert von Stra\u00dfenproteste intensiviert und gewaltt\u00e4tig in der Vergangenheit wurde nur wenige Tage.<\/p>\n<p>am Donnerstag und Freitag Gruppen von \u00c4rzten, Gesundheits- und Medizinstudenten Stra\u00dfen von Bolivien nach Brasilien und Argentinien geschlossen und stie\u00dfen mit Agenten Aufruhr.<\/p>\n<p>\u00c4rzte, Medizinstudenten aus Universit\u00e4ten und Krankenh\u00e4usern Staatsbedienstete blockiert Schritt, diesen Freitag, 4. Mai, bei Apacheta, El Alto (Bolivien), der wichtigsten Autobahn des Landes, die La Paz mit Central aus Eastern Santa Cruz und Cochabamba verbindet.  EFE<\/p>\n","protected":false},"excerpt":{"rendered":"<p>La Paz, 5 kann (EFE).-die medizinische und \u00f6ffentliche Gesundheit Mitarbeiter kommen mit Misstrauen die Ank\u00fcndigung von Pr\u00e4sident von Bolivien, Evo Morales, \u00fcber die Aussetzung des Dekrets, die Ihren Arbeitstag von sechs bis acht Stunden, erh\u00f6ht und erfordern Sie Abbrechen es endg\u00fcltig um den Streik zu unterlassen, die seit sechs Wochen. begann ein F\u00fchrer der Konf\u00f6deration [&hellip;]<\/p>\n","protected":false},"author":1,"featured_media":0,"comment_status":"close","ping_status":"open","sticky":false,"template":"","format":"standard","meta":{"footnotes":""},"categories":[3],"tags":[],"class_list":["post-33495","post","type-post","status-publish","format-standard","hentry","category-allgemeine","et-doesnt-have-format-content","et_post_format-et-post-format-standard"],"_links":{"self":[{"href":"https:\/\/www.best-dentist-dentistry.com\/de\/wp-json\/wp\/v2\/posts\/33495","targetHints":{"allow":["GET"]}}],"collection":[{"href":"https:\/\/www.best-dentist-dentistry.com\/de\/wp-json\/wp\/v2\/posts"}],"about":[{"href":"https:\/\/www.best-dentist-dentistry.com\/de\/wp-json\/wp\/v2\/types\/post"}],"author":[{"embeddable":true,"href":"https:\/\/www.best-dentist-dentistry.com\/de\/wp-json\/wp\/v2\/users\/1"}],"replies":[{"embeddable":true,"href":"https:\/\/www.best-dentist-dentistry.com\/de\/wp-json\/wp\/v2\/comments?post=33495"}],"version-history":[{"count":0,"href":"https:\/\/www.best-dentist-dentistry.com\/de\/wp-json\/wp\/v2\/posts\/33495\/revisions"}],"wp:attachment":[{"href":"https:\/\/www.best-dentist-dentistry.com\/de\/wp-json\/wp\/v2\/media?parent=33495"}],"wp:term":[{"taxonomy":"category","embeddable":true,"href":"https:\/\/www.best-dentist-dentistry.com\/de\/wp-json\/wp\/v2\/categories?post=33495"},{"taxonomy":"post_tag","embeddable":true,"href":"https:\/\/www.best-dentist-dentistry.com\/de\/wp-json\/wp\/v2\/tags?post=33495"}],"curies":[{"name":"wp","href":"https:\/\/api.w.org\/{rel}","templated":true}]}}