{"id":33523,"date":"2013-01-13T05:29:34","date_gmt":"2013-01-13T05:29:34","guid":{"rendered":null},"modified":"-0001-11-30T00:00:00","modified_gmt":"-0001-11-30T00:00:00","slug":"semergen-and-ses-come-together-to-strengthen-the-knowledge-of-the-pathologies-of-the-dream-in-primary-care","status":"publish","type":"post","link":"https:\/\/www.best-dentist-dentistry.com\/de\/semergen-and-ses-come-together-to-strengthen-the-knowledge-of-the-pathologies-of-the-dream-in-primary-care\/33523","title":{"rendered":"SEMERGEN und SES kommen zusammen, um das Wissen der Pathologien des Traums in der Prim\u00e4rversorgung zu st\u00e4rken."},"content":{"rendered":"<p><strong>SEMERGEN und SES kommen zusammen, um das Wissen der Pathologien des Traums in der Prim\u00e4rversorgung zu st\u00e4rken. <\/p>\n<p><font size=\"2\"> die spanische Gesellschaft f\u00fcr \u00c4rzte Grundversorgung (SEMERGEN) und der Schlaf der spanischen Gesellschaft (SES) haben ein Abkommen \u00fcber Zusammenarbeit unterzeichnet. <\/p>\n<p><\/font><\/strong><font size=\"2\"> <br \/> &#8211; f\u00f6rdern ein Umfeld des Zusammenlebens f\u00fcr die koordinierte Aktion zwischen SEMERGEN und SES entwickelt, wo Aktionen auf die Ausbildung seiner Partner zu f\u00f6rdern sowie die Forschungsaktivit\u00e4ten, die zur <\/p>\n<p>-SEMERGEN und SES sind Planung, Seminare, Kurse und Konferenzen zu Themen von gemeinsamem Interesse, die zur St\u00e4rkung der Ausbildung seiner Mitglieder verpflichtet <\/p>\n<p>-in Spanien, etwa 30 % der Bev\u00f6lkerung lebt mit einigen Schlafst\u00f6rungen, die nach seiner Diagnose zu psychiatrischen St\u00f6rungen oder gr\u00f6\u00dfere kardiovaskul\u00e4re Komplikationen f\u00fchren k\u00f6nnte <\/p>\n<p>-SES ist die maximale Exponent f\u00fcr die Entwicklung der Forschung und der Impuls f\u00fcr die Schlafmedizin in Spanien <\/p>\n<p> <strong>MadridJanuar 2013-<\/strong> der Pr\u00e4sident der spanischen Gesellschaft der \u00c4rzte in der Grundversorgung (SEMERGEN), Jos\u00e9 Luis Llisterri und der Pr\u00e4sident der spanischen Schlaf Gesellschaft (SES), Diego Garc\u00eda-Borreguero und Diaz-Varela, haben eine Kooperationsvereinbarung im Bildungs- und Forschungsgebieten, deren Ziel die F\u00f6rderung ist der ein besseres Verst\u00e4ndnis der damit verbundenen Krankheiten mit, unterzeichnet. der Traum zwischen Praktikern der Grundversorgung. Auf diese Weise suchen sie eine gr\u00f6\u00dfere Garantie f\u00fcr Qualit\u00e4t zwischen den Zentren und Einheiten des Traumes zu bevorzugen. Die Rahmenvereinbarung hat eine Amtszeit von zwei Jahren, der verl\u00e4ngert werden kann. <\/p>\n<p>Jos\u00e9 Luis Llisterri hat erkl\u00e4rt, die  von SEMERGEN in klarer Weise \u00fcber die st\u00e4ndige Aktualisierung des Wissens durch Weiterbildung f\u00fcr unsere Gesundheitsexperten zu wetten. Zusammenarbeit mit SES zur Verbesserung der Gesundheit der Bev\u00f6lkerung f\u00fchrt zu f\u00fchren und dazu beitragen, der Entstehung von Krankheiten zu bek\u00e4mpfen, die durch die Ver\u00e4nderungen des Schlafes entstehen . <\/p>\n<p>Diego Garc\u00eda-Borreguero wurde hinzugef\u00fcgt, um die SES  ist sehr wichtig, Zusammenarbeit, Verbreitung und Forschung der Pathologie des Schlafes im Rahmen der medizinischen Grundversorgung. Er ist mit einer hohen Pr\u00e4valenz, daher grundlegende Aktion machen die AP medizinische Krankheit &#8221;. Seiner Meinung nach tendenziell AP Arzt der erste Kontakt des Patienten mit der Pathologie des Schlafes.,  Warum &#8211; hinzugef\u00fcgt &#8211; es ist besonders wichtig, dass Sie einige der h\u00e4ufigsten Boxen im Hinblick auf die Pr\u00e4vention und Behandlung kennen &#8221;. <\/p>\n<p><\/font> <\/p>\n<p align=\"center\"> <font size=\"2\"> <img loading=\"lazy\" decoding=\"async\" title=\"\" alt=\"\" src=\"http:\/\/www.noticiasmedicas.es\/medicina\/content_images\/275\/2013_01\/485.jpg\" align=\"bottom\" border=\"0\" height=\"338\" width=\"377\"\/> <br \/><\/font><\/p>\n<p> <font size=\"2\"> dieser Vereinbarung wird f\u00f6rdern koordinierte Vorgehen zwischen SEMERGEN und SES in der, neben dem Austausch von Informationen, Aktivit\u00e4ten und Sehensw\u00fcrdigkeiten wie die Programmierung von verschiedenen Seminaren, Kursen und Konferenzen zu Themen von gemeinsamem Interesse f\u00fcr beide Gesellschaften f\u00f6rdern. Da die SES innerhalb der Schlafmedizin in Spanien die gr\u00f6\u00dfte Exponent darstellt, ist seine Zusammenarbeit mit SEMERGEN notwendig, so dass Haus\u00e4rzte Schlaf-Erkrankungen, die erkennen k\u00f6nnen, in unserem Land, fast 30 % der Bev\u00f6lkerung erreichen. In diesen F\u00e4llen wenn eine Diagnose nicht rechtzeitig ausgestellt wird, k\u00f6nnen sie zu psychiatrischen Erkrankungen oder Herz-Kreislauf-Problemen f\u00fchren. <\/p>\n<p>Schlaf ist ein Ruhezustand des Organismus, wodurch die Entwicklung grundlegender metabolische Prozesse um die F\u00e4higkeit der Konzentration, Ged\u00e4chtnis und Selbstkontrolle der Individuen im Laufe des Tages zu gew\u00e4hrleisten. Die Schlaf der spanischen Gesellschaft prangert die Verz\u00f6gerung, wenn Sie eine Diagnose und eine Behandlung, die in den letzten Jahren ausgeben, es hat eine Reihe von Dokumenten von Qualit\u00e4tsstandards f\u00fcr die Einheiten des Traums, der Hand des Ministeriums f\u00fcr Gesundheit, entwickelt und ist mit einer Karte von Ressourcen der Einheiten der Traum in Spanien abgeschlossen. <\/p>\n<p><strong>\u00dcber SEMERGEN<\/strong> <\/p>\n<p>Die spanische Gesellschaft f\u00fcr \u00c4rzte der Prim\u00e4rversorgung, SEMERGEN ist die wissenschaftliche Gesellschaft Pionier der Prim\u00e4rversorgung in Spanien, mit 37 Jahren Erfahrung. Sie wurde gegr\u00fcndet mit dem Ziel der F\u00f6rderung der Familienmedizin, durch die Erhaltung und Verbesserung der Fachkompetenz der \u00c4rzte, F\u00f6rderung der Forschung und Weiterbildung f\u00fcr den Arzt zu erleichtern, um die Qualit\u00e4t in der Pflege der Gesundheit der B\u00fcrger zu halten. <br \/> Hat 17 regionalen Delegationen und gehaltenen demokratische Wahlen alle 4 Jahre. SEMERGEN Stiftung wurde 1999 gegr\u00fcndet. In diesem Jahr feierte er seine 34 nationalen Konferenz in Malaga, sowie Dutzende von Regionalkonferenzen. 35 Nationalkongresses statt von 23 bis 26. Oktober 2013 findet in Barcelona. <\/p>\n<p><strong>\u00dcber SES <br \/><\/strong> <br \/>Die Schlaf der spanischen Gesellschaft wurde 1991 gegr\u00fcndet und seitdem hat es siebzehn wissenschaftliche Jahrestagungen in Spanien. SES-Konto mit einer eigenen Publikation, das Magazin Traum erwachen organisiert. Als wissenschaftliche Gesellschaft erweitert f\u00fcr Fachleute und Forscher aus verschiedenen Spezialit\u00e4ten, wie Medizin, Psychologie, Biologie, Krankenpflege und Polisomonografia Techniker, vor allem, unter denen mehr als 300 Mitglieder hinzuf\u00fcgen. <\/p>\n<p><\/font> <\/p>\n<p align=\"center\"> <font size=\"2\"> <img loading=\"lazy\" decoding=\"async\" title=\"\" alt=\"\" src=\"http:\/\/www.noticiasmedicas.es\/medicina\/content_images\/275\/Logos\/Sociedad%20Espa\u00f1ola%20de%20Sue\u00f1o.JPG\" align=\"bottom\" border=\"0\" height=\"87\" width=\"174\"\/><\/font><\/p>\n<p> <font size=\"2\"> als grundlegende Ziele, SES ist verantwortlich f\u00fcr Deepen und setzte sich das Wissen der Disziplin, verbessern die berufliche Entwicklung seiner Mitglieder, bietet seinen Mitgliedern aktuellen Informationen auf der Weltb\u00fchne und Entwicklung von Leitlinien und Protokolle f\u00fcr das Studium der verschiedenen Pathologien durch die Arbeitsgruppen. Ein weiterer seine Bedenken auch dienen als Quelle von Informationen f\u00fcr Patienten oder unterliegen sowie Erleichterung Kontakt zwischen der \u00d6ffentlichkeit und den Fachleuten interessiert. <\/p>\n<p><\/font> <\/p>\n","protected":false},"excerpt":{"rendered":"<p>SEMERGEN und SES kommen zusammen, um das Wissen der Pathologien des Traums in der Prim\u00e4rversorgung zu st\u00e4rken. die spanische Gesellschaft f\u00fcr \u00c4rzte Grundversorgung (SEMERGEN) und der Schlaf der spanischen Gesellschaft (SES) haben ein Abkommen \u00fcber Zusammenarbeit unterzeichnet. &#8211; f\u00f6rdern ein Umfeld des Zusammenlebens f\u00fcr die koordinierte Aktion zwischen SEMERGEN und SES entwickelt, wo Aktionen auf [&hellip;]<\/p>\n","protected":false},"author":1,"featured_media":0,"comment_status":"close","ping_status":"open","sticky":false,"template":"","format":"standard","meta":{"footnotes":""},"categories":[3],"tags":[43811,43810,43809],"class_list":["post-33523","post","type-post","status-publish","format-standard","hentry","category-allgemeine","tag-ses","tag-strken","tag-wolke","et-doesnt-have-format-content","et_post_format-et-post-format-standard"],"_links":{"self":[{"href":"https:\/\/www.best-dentist-dentistry.com\/de\/wp-json\/wp\/v2\/posts\/33523","targetHints":{"allow":["GET"]}}],"collection":[{"href":"https:\/\/www.best-dentist-dentistry.com\/de\/wp-json\/wp\/v2\/posts"}],"about":[{"href":"https:\/\/www.best-dentist-dentistry.com\/de\/wp-json\/wp\/v2\/types\/post"}],"author":[{"embeddable":true,"href":"https:\/\/www.best-dentist-dentistry.com\/de\/wp-json\/wp\/v2\/users\/1"}],"replies":[{"embeddable":true,"href":"https:\/\/www.best-dentist-dentistry.com\/de\/wp-json\/wp\/v2\/comments?post=33523"}],"version-history":[{"count":0,"href":"https:\/\/www.best-dentist-dentistry.com\/de\/wp-json\/wp\/v2\/posts\/33523\/revisions"}],"wp:attachment":[{"href":"https:\/\/www.best-dentist-dentistry.com\/de\/wp-json\/wp\/v2\/media?parent=33523"}],"wp:term":[{"taxonomy":"category","embeddable":true,"href":"https:\/\/www.best-dentist-dentistry.com\/de\/wp-json\/wp\/v2\/categories?post=33523"},{"taxonomy":"post_tag","embeddable":true,"href":"https:\/\/www.best-dentist-dentistry.com\/de\/wp-json\/wp\/v2\/tags?post=33523"}],"curies":[{"name":"wp","href":"https:\/\/api.w.org\/{rel}","templated":true}]}}