{"id":33576,"date":"2013-01-16T02:35:42","date_gmt":"2013-01-16T02:35:42","guid":{"rendered":null},"modified":"-0001-11-30T00:00:00","modified_gmt":"-0001-11-30T00:00:00","slug":"el-salvador-running-first-campaign-against-dengue-to-avoid-rebound","status":"publish","type":"post","link":"https:\/\/www.best-dentist-dentistry.com\/de\/el-salvador-running-first-campaign-against-dengue-to-avoid-rebound\/33576","title":{"rendered":"el salvador running first campaign against dengue to avoid rebound"},"content":{"rendered":"<p class=\"first\"> <span class=\"yshortcuts\" id=\"lw_1336608754_1\"> San Salvador<\/span>, 9 kann (<span class=\"yshortcuts\" id=\"lw_1336608754_5\"> EFE<\/span>).-<span class=\"yshortcuts\" id=\"lw_1336608754_0\"> das Gesundheitsministerium von El Salvador<\/span> heute startete den ersten Nationalfeiertag gegen Dengue-Fieber, eine Erholung dieser Erkrankung zu verhindern, das bisher verursachte den Tod von Minderj\u00e4hrigen und lie\u00df mehr als 1000 infizierte in einem Land.<\/p>\n<p>der Tag gegen <span class=\"yshortcuts\" id=\"lw_1336608754_7\"> Dengue-Fieber<\/span> wird durchgef\u00fchrt &#8220;drei Tage&#8221;, ab heute und bis Freitag, erkl\u00e4rte Efe Sprecher Gesundheit.<\/p>\n<p>&#8220;Wir sind uns bewusst, dass in der Regenzeit (von Mai bis September) Saison Dengue erheblich erh\u00f6ht Risiko, dann warum ist dieser Tag geplant, einen Aufruf an die Bev\u00f6lkerung zu machen und werden die Aktionen der Reinigung&#8221;, erkl\u00e4rte der Presse Juli <span class=\"yshortcuts\"id=\"lw_1336608754_3\"> B\u00fcchsenmacher<\/span>, Direktor der Gesundheits\u00fcberwachung der spanische <span class=\"yshortcuts\"id=\"lw_1336608754_2\"> Gesundheitsministerium<\/span>.<\/p>\n<p><span class=\"yshortcuts\"id=\"lw_1336608754_6\"> Dengue-Fieber<\/span> ist eine Viruserkrankung, die durch den Stich der M\u00fccke&#8221;Aedes Aegypti&#8221;\u00fcbertragen wird und aufgezeichneten besonders in den Tropen und Subtropen.<\/p>\n<p>B\u00fcchsenmacher darauf hingewiesen, dass in dem Land ist&#8221;eine hohe Auflage des Denguevirus&#8221;, da gibt es&#8221;viel Zancudo infiziert&#8221;, betont, da\u00df es ist wichtig, dass die Bev\u00f6lkerung bei der Beseitigung hilft von Brutst\u00e4tten der Insekten.<\/p>\n<p>&#8221; das Problem der Dengue-Fieber ist nicht die Verantwortung eines einzige, sondern der gesamten Bev\u00f6lkerung und Hygiene in ihren H\u00e4usern zu gew\u00e4hrleisten &#8220;, und&#8221;vor allem sch\u00fctzen Kinder, weil sie die h\u00e4rtesten sind&#8221;, f\u00fcgte er hinzu.<\/p>\n<p>von Laut R\u00fcstungsschmied, sieben jeder 10 Menschen, die Dengue-Vertrag sind, Kinder oder Jugendliche.<\/p>\n<p>wurden in dieses zentralamerikanischen Landes bis November 2011, mindestens 6,163 gemeinsame Dengue-F\u00e4lle und 138 die h\u00e4morrhagische Fieber, laut Berichten Offiziere.<\/p>\n<p>wurden in diesem Jahr bisher best\u00e4tigte 1.500 F\u00e4lle von Dengue-Fieber, davon 88 sind &#8220;Ernst&#8221; oder Blutungen, erkl\u00e4rte er die <span class=\"yshortcuts\" id=\"lw_1336608754_4\"> Quelle der Gesundheit<\/span>. EFE<\/p>\n","protected":false},"excerpt":{"rendered":"<p>San Salvador, 9 kann ( EFE).- das Gesundheitsministerium von El Salvador heute startete den ersten Nationalfeiertag gegen Dengue-Fieber, eine Erholung dieser Erkrankung zu verhindern, das bisher verursachte den Tod von Minderj\u00e4hrigen und lie\u00df mehr als 1000 infizierte in einem Land. der Tag gegen Dengue-Fieber wird durchgef\u00fchrt &#8220;drei Tage&#8221;, ab heute und bis Freitag, erkl\u00e4rte Efe [&hellip;]<\/p>\n","protected":false},"author":1,"featured_media":0,"comment_status":"close","ping_status":"open","sticky":false,"template":"","format":"standard","meta":{"footnotes":""},"categories":[3],"tags":[],"class_list":["post-33576","post","type-post","status-publish","format-standard","hentry","category-allgemeine","et-doesnt-have-format-content","et_post_format-et-post-format-standard"],"_links":{"self":[{"href":"https:\/\/www.best-dentist-dentistry.com\/de\/wp-json\/wp\/v2\/posts\/33576","targetHints":{"allow":["GET"]}}],"collection":[{"href":"https:\/\/www.best-dentist-dentistry.com\/de\/wp-json\/wp\/v2\/posts"}],"about":[{"href":"https:\/\/www.best-dentist-dentistry.com\/de\/wp-json\/wp\/v2\/types\/post"}],"author":[{"embeddable":true,"href":"https:\/\/www.best-dentist-dentistry.com\/de\/wp-json\/wp\/v2\/users\/1"}],"replies":[{"embeddable":true,"href":"https:\/\/www.best-dentist-dentistry.com\/de\/wp-json\/wp\/v2\/comments?post=33576"}],"version-history":[{"count":0,"href":"https:\/\/www.best-dentist-dentistry.com\/de\/wp-json\/wp\/v2\/posts\/33576\/revisions"}],"wp:attachment":[{"href":"https:\/\/www.best-dentist-dentistry.com\/de\/wp-json\/wp\/v2\/media?parent=33576"}],"wp:term":[{"taxonomy":"category","embeddable":true,"href":"https:\/\/www.best-dentist-dentistry.com\/de\/wp-json\/wp\/v2\/categories?post=33576"},{"taxonomy":"post_tag","embeddable":true,"href":"https:\/\/www.best-dentist-dentistry.com\/de\/wp-json\/wp\/v2\/tags?post=33576"}],"curies":[{"name":"wp","href":"https:\/\/api.w.org\/{rel}","templated":true}]}}