{"id":33766,"date":"2013-01-23T02:49:13","date_gmt":"2013-01-23T02:49:13","guid":{"rendered":null},"modified":"-0001-11-30T00:00:00","modified_gmt":"-0001-11-30T00:00:00","slug":"the-colombian-vice-president-is-hospitalized-preventively","status":"publish","type":"post","link":"https:\/\/www.best-dentist-dentistry.com\/de\/the-colombian-vice-president-is-hospitalized-preventively\/33766","title":{"rendered":"the colombian vice president is hospitalized preventively"},"content":{"rendered":"<p class=\"first\"> Bogota, 15 jun (EFE).-der kolumbianische Vizepr\u00e4sident Angelino Garzon, ist daraufhin in Bogota seit Donnerstag &#8220;pr\u00e4ventive&#8221; und &#8220;Routine-screening&#8221;, unterzogen werden gemeldet sein Amt in einer Erkl\u00e4rung, unterzeichnet von der gleichen hohen Geb\u00fchr.<\/p>\n<p>&#8220;Vizepr\u00e4sident Angelino Garzon r\u00e4t der Bev\u00f6lkerung, dass einmal in der Cl\u00ednica Reina Sof\u00eda, praktiziert wurden routinem\u00e4\u00dfige Screening aus gesundheitlichen Gr\u00fcnden von gestern ins Krankenhaus eingeliefert ist und sehr wahrscheinlich bis n\u00e4chsten Sonntag werden,&#8221; sagt den Text der beiden Abs\u00e4tze.<\/p>\n<p>f\u00fcgt hinzu, dass die Hospitalisierung und Tests bestanden &#8220;proaktiv und ohne das bisher warnen die \u00c4rzte \u00fcber einige ernsthafte Krankheit&#8221;.<\/p>\n<p>Garzon versprach, dass &#8220;es \u00fcber die Entwicklung der seine Genesung Berichten wird&#8221;.<\/p>\n<p> &lt; p&gt; Oben kolumbianische Beamte am 9. August 2010, zwei Tage nach seinem Amtsantritt zusammen mit Pr\u00e4sident Juan Manuel Santos, ein Herzleiden zu leiden ins Krankenhaus eingeliefert werden musste, hatte eine Behinderung f\u00fcr mehrere Wochen, und seit dann regelm\u00e4\u00dfige Kontrollen unterziehen. EFE<\/p>\n","protected":false},"excerpt":{"rendered":"<p>Bogota, 15 jun (EFE).-der kolumbianische Vizepr\u00e4sident Angelino Garzon, ist daraufhin in Bogota seit Donnerstag &#8220;pr\u00e4ventive&#8221; und &#8220;Routine-screening&#8221;, unterzogen werden gemeldet sein Amt in einer Erkl\u00e4rung, unterzeichnet von der gleichen hohen Geb\u00fchr. &#8220;Vizepr\u00e4sident Angelino Garzon r\u00e4t der Bev\u00f6lkerung, dass einmal in der Cl\u00ednica Reina Sof\u00eda, praktiziert wurden routinem\u00e4\u00dfige Screening aus gesundheitlichen Gr\u00fcnden von gestern ins Krankenhaus [&hellip;]<\/p>\n","protected":false},"author":1,"featured_media":0,"comment_status":"close","ping_status":"open","sticky":false,"template":"","format":"standard","meta":{"footnotes":""},"categories":[3],"tags":[],"class_list":["post-33766","post","type-post","status-publish","format-standard","hentry","category-allgemeine","et-doesnt-have-format-content","et_post_format-et-post-format-standard"],"_links":{"self":[{"href":"https:\/\/www.best-dentist-dentistry.com\/de\/wp-json\/wp\/v2\/posts\/33766","targetHints":{"allow":["GET"]}}],"collection":[{"href":"https:\/\/www.best-dentist-dentistry.com\/de\/wp-json\/wp\/v2\/posts"}],"about":[{"href":"https:\/\/www.best-dentist-dentistry.com\/de\/wp-json\/wp\/v2\/types\/post"}],"author":[{"embeddable":true,"href":"https:\/\/www.best-dentist-dentistry.com\/de\/wp-json\/wp\/v2\/users\/1"}],"replies":[{"embeddable":true,"href":"https:\/\/www.best-dentist-dentistry.com\/de\/wp-json\/wp\/v2\/comments?post=33766"}],"version-history":[{"count":0,"href":"https:\/\/www.best-dentist-dentistry.com\/de\/wp-json\/wp\/v2\/posts\/33766\/revisions"}],"wp:attachment":[{"href":"https:\/\/www.best-dentist-dentistry.com\/de\/wp-json\/wp\/v2\/media?parent=33766"}],"wp:term":[{"taxonomy":"category","embeddable":true,"href":"https:\/\/www.best-dentist-dentistry.com\/de\/wp-json\/wp\/v2\/categories?post=33766"},{"taxonomy":"post_tag","embeddable":true,"href":"https:\/\/www.best-dentist-dentistry.com\/de\/wp-json\/wp\/v2\/tags?post=33766"}],"curies":[{"name":"wp","href":"https:\/\/api.w.org\/{rel}","templated":true}]}}