{"id":33783,"date":"2013-01-24T05:29:55","date_gmt":"2013-01-24T05:29:55","guid":{"rendered":null},"modified":"-0001-11-30T00:00:00","modified_gmt":"-0001-11-30T00:00:00","slug":"the-university-of-vic-organizes-the-3rd-edition-of-courses-on-gerontological-focused-attention-on-the-person","status":"publish","type":"post","link":"https:\/\/www.best-dentist-dentistry.com\/de\/the-university-of-vic-organizes-the-3rd-edition-of-courses-on-gerontological-focused-attention-on-the-person\/33783","title":{"rendered":"Die Universit\u00e4t Vic organisiert die dritte Auflage des Kurse zu gerontologischen fokussierte Aufmerksamkeit auf die Person."},"content":{"rendered":"<p><strong>La Universidad de Vic organisiert die dritte Auflage des gerontologischen fokussierte Aufmerksamkeit auf die Person Kurse. <\/p>\n<p><font size=\"2\"> Spanien, Januar 2013.-<\/font><\/strong><font size=\"2\"> bevor das hohe Interesse in den zwei vorherigen Editionen (2001 bis 2012) der Universit\u00e4t Vic geweckt k\u00fcndigt eine dritte Ausgabe der Ausbildung Aktionen auf der gerontologischen Pflege auf die Person zentriert. Ein Ansatz, Modell und Methode zur Verbesserung der Lebensqualit\u00e4t und den Schutz der Rechte der Personen-Benutzer. <\/p>\n<p>Es sei darauf hingewiesen, dass in diesem Jahr gibt es zwei unterschiedliche Kurse, das erste Modell der Einleitung, am 21. und 22. Mai, adressiert an Fachleute, die ihre Grundlagen und wichtigsten Vorschl\u00e4ge, lernen wollen und andere erweiterte Tage, 23, 24 und 25 kann mit denen Profis mit Grundkenntnissen des Modells, vertiefen m\u00f6chteErfahrungen auszutauschen und Strategien f\u00fcr ihre Anwendung in geriatrische Dienstleistungen erfahren. <\/p>\n<p>Beide Kurse werden von Teresa Mart\u00ednez Rodr\u00edguez, Psychologe, Experte f\u00fcr soziale Gerontologie und Autor des Leitfadens die Aufmerksamkeit gerontologischen personzentrierten gelehrt werden. <\/p>\n<p>Der Person-zentrierten gerontologischen Pflege. (1) Ebene der Initiation <\/p>\n<p> <strong>Contenido:<\/strong> <\/p>\n<p> Grundlagen der ab <\/p>\n<p> Qualit\u00e4t der Pflege, Lebensqualit\u00e4t und gute fachliche Praxis <\/p>\n<p> Person-zentrierten Pflege: Ansatz, Modelle und Methoden <\/p>\n<p> personalisierte Aufmerksamkeit von der F\u00f6rderung der Autonomie der Personen Benutzer <\/p>\n<p> Datenschutz <\/p>\n<p> in den Alltag integrieren, was wichtig ist und welche therapeutischen <\/p>\n<p> Familien <\/p>\n<p> Praktiker und die Organisation <\/p>\n<p> <strong>Original:<\/strong> Ausstellung von Inhalt, Gruppen\u00fcbungen, Diskussionen <\/p>\n<p> <strong>Duracion:<\/strong> 12 Stunden <\/p>\n<p> <strong>Fecha:<\/strong> 21 und 22 Mai 2013. VIC (Barcelona) <\/p>\n<p> <strong>spanische Idioma:<\/strong> <\/p>\n<p> <strong>Unterricht. Quadrate (unverw\u00e4ssert) http:\/\/www.uvic.cat\/activitat\/279 Limitado:<\/strong> <\/p>\n<p> Person in den Mittelpunkt der gerontologischen Pflege. (2) Oberstufe <\/p>\n<p> <strong>Contenido:<\/strong> <\/p>\n<p> Modell personzentrierten Pflege <\/p>\n<p> Vorschl\u00e4ge <\/p>\n<p> Herausforderungen <\/p>\n<p> Risiken <\/p>\n<p> Autonomie in Tag f\u00fcr Tag unterst\u00fctzen <\/p>\n<p> Kriterien guter Praxis <\/p>\n<p> der Familien Beziehung, Menschen-Anwender und Profis <\/p>\n<p> verstehen und behandeln von Inaktivit\u00e4t <\/p>\n<p> die Grenzen der Selbstbestimmung <\/p>\n<p> die Verwendung der Inkenntnissetzung <\/p>\n<p> wertvolle Methoden in der Person-zentrierten Pflege <\/p>\n<p> Aufmerksamkeit zu planenauf und Leben <\/p>\n<p> professioneller Referenz <\/p>\n<p> positive Umgebungen <\/p>\n<p> physische Umgebung <\/p>\n<p> bedeutenden Aktivit\u00e4ten <\/p>\n<p> f\u00fchren \u00c4nderungen in den Zentren und Dienstleistungen <\/p>\n<p> Tasten und Prozess <\/p>\n<p> umgehen mit Widerst\u00e4nden <\/p>\n<p> Methode der partizipativen Review in der personzentrierten Pflege voraus <\/p>\n<p> <strong>Original:<\/strong> Ausstellung von Inhalten. Raum reflektieren um zu wechseln. Raum Erfahrungen auszutauschen. Realisierung von Rollenspielen <\/p>\n<p> <strong>Duracion:<\/strong> 20 Stunden <\/p>\n<p> <strong>Fecha:<\/strong> 23, 24 und 25 Mai 2013. VIC (Barcelona) <\/p>\n<p> <strong>spanische Idioma:<\/strong> <\/p>\n<p> <strong>Unterricht. Quadrate (Advanced) http:\/\/www.uvic.cat\/activitat\/377 Limitado:<\/strong> <\/p>\n<p> <strong>den Curso platzieren:<\/strong> <\/p>\n<p> Center for Health Studies und soziale (CESS) von der Universit\u00e4t Vic <\/p>\n<p> C. Miquel Mart\u00ed Pol, Nr. 1 <\/p>\n<p> 08500 Vic <\/p>\n<p> Anna Bonafont <\/p>\n<p> Koordinator <\/p>\n<p> anna.bonafont@uvic.cat <\/p>\n<p><\/font> <\/p>\n","protected":false},"excerpt":{"rendered":"<p>La Universidad de Vic organisiert die dritte Auflage des gerontologischen fokussierte Aufmerksamkeit auf die Person Kurse. Spanien, Januar 2013.- bevor das hohe Interesse in den zwei vorherigen Editionen (2001 bis 2012) der Universit\u00e4t Vic geweckt k\u00fcndigt eine dritte Ausgabe der Ausbildung Aktionen auf der gerontologischen Pflege auf die Person zentriert. Ein Ansatz, Modell und Methode [&hellip;]<\/p>\n","protected":false},"author":1,"featured_media":0,"comment_status":"close","ping_status":"open","sticky":false,"template":"","format":"standard","meta":{"footnotes":""},"categories":[3],"tags":[44167,44166,44164,44165],"class_list":["post-33783","post","type-post","status-publish","format-standard","hentry","category-allgemeine","tag-fokussierte","tag-gerontologischen","tag-unabhngigen","tag-vic","et-doesnt-have-format-content","et_post_format-et-post-format-standard"],"_links":{"self":[{"href":"https:\/\/www.best-dentist-dentistry.com\/de\/wp-json\/wp\/v2\/posts\/33783","targetHints":{"allow":["GET"]}}],"collection":[{"href":"https:\/\/www.best-dentist-dentistry.com\/de\/wp-json\/wp\/v2\/posts"}],"about":[{"href":"https:\/\/www.best-dentist-dentistry.com\/de\/wp-json\/wp\/v2\/types\/post"}],"author":[{"embeddable":true,"href":"https:\/\/www.best-dentist-dentistry.com\/de\/wp-json\/wp\/v2\/users\/1"}],"replies":[{"embeddable":true,"href":"https:\/\/www.best-dentist-dentistry.com\/de\/wp-json\/wp\/v2\/comments?post=33783"}],"version-history":[{"count":0,"href":"https:\/\/www.best-dentist-dentistry.com\/de\/wp-json\/wp\/v2\/posts\/33783\/revisions"}],"wp:attachment":[{"href":"https:\/\/www.best-dentist-dentistry.com\/de\/wp-json\/wp\/v2\/media?parent=33783"}],"wp:term":[{"taxonomy":"category","embeddable":true,"href":"https:\/\/www.best-dentist-dentistry.com\/de\/wp-json\/wp\/v2\/categories?post=33783"},{"taxonomy":"post_tag","embeddable":true,"href":"https:\/\/www.best-dentist-dentistry.com\/de\/wp-json\/wp\/v2\/tags?post=33783"}],"curies":[{"name":"wp","href":"https:\/\/api.w.org\/{rel}","templated":true}]}}