{"id":33794,"date":"2013-01-25T00:00:00","date_gmt":"2013-01-25T00:00:00","guid":{"rendered":null},"modified":"-0001-11-30T00:00:00","modified_gmt":"-0001-11-30T00:00:00","slug":"orthoapnea-will-be-present-at-the-fair-ids-2013-of-germany","status":"publish","type":"post","link":"https:\/\/www.best-dentist-dentistry.com\/de\/orthoapnea-will-be-present-at-the-fair-ids-2013-of-germany\/33794","title":{"rendered":"Orthoapnea b\u0119dzie obecny na targach IDS 2013 Niemiec."},"content":{"rendered":"<p><strong>Orthoapnea b\u0119dzie obecny na wystawie Niemcy identyfikatory 2013.<\/strong> <\/p>\n<p><font size=\"2\"> <strong>Niemcy, stycznia 2013.-<\/strong> Orthoapnea we\u017amie udzia\u0142 po raz kolejny w najwa\u017cniejsze Targi stomatologiczne sektora, 35 th International Dental Show kt\u00f3ry b\u0119dzie mia\u0142 miejsce w Kolonii (Niemcy) od marca dni 12-16. <\/p>\n<p>Jako nowo\u015b\u0107 w 2013 Orthoapnea podkre\u015bli obecno\u015b\u0107 Podstawka rewolucyjny projekt, kt\u00f3ry b\u0119dzie dom nowo\u015bci tego leczenia chrapania i bezdechu sennego. <\/p>\n<p align=\"center\"> <img loading=\"lazy\" decoding=\"async\" title=\"\" height=\"180\" alt=\"\" src=\"http:\/\/best-dentist-dentistry.com\/best-dentist-images\/orthoapnea-will-be-present-at-the-fair-ids-2013-of-germany.jpg\" width=\"450\" align=\"baseline\" border=\"0\"\/><\/p>\n<p> w szczeg\u00f3lno\u015bci, w ramach targ\u00f3w handlowych, Orthoapnea clinches Hall 11.1 stoj\u0105 A 060 gdzie wszystkich zainteresowanych stron mo\u017ce zrobi\u0107 zapytania z naszymi ekspertami. <br \/><\/font> <\/p>\n<p><\/p>\n","protected":false},"excerpt":{"rendered":"<p>Orthoapnea b\u0119dzie obecny na wystawie Niemcy identyfikatory 2013. Niemcy, stycznia 2013.- Orthoapnea we\u017amie udzia\u0142 po raz kolejny w najwa\u017cniejsze Targi stomatologiczne sektora, 35 th International Dental Show kt\u00f3ry b\u0119dzie mia\u0142 miejsce w Kolonii (Niemcy) od marca dni 12-16. Jako nowo\u015b\u0107 w 2013 Orthoapnea podkre\u015bli obecno\u015b\u0107 Podstawka rewolucyjny projekt, kt\u00f3ry b\u0119dzie dom nowo\u015bci tego leczenia chrapania [&hellip;]<\/p>\n","protected":false},"author":1,"featured_media":0,"comment_status":"open","ping_status":"open","sticky":false,"template":"","format":"standard","meta":{"footnotes":""},"categories":[1],"tags":[44202,44200,44201],"class_list":["post-33794","post","type-post","status-publish","format-standard","hentry","category-zahnmedizin-news","tag-niemiec","tag-parapljicos","tag-targach","et-doesnt-have-format-content","et_post_format-et-post-format-standard"],"_links":{"self":[{"href":"https:\/\/www.best-dentist-dentistry.com\/de\/wp-json\/wp\/v2\/posts\/33794","targetHints":{"allow":["GET"]}}],"collection":[{"href":"https:\/\/www.best-dentist-dentistry.com\/de\/wp-json\/wp\/v2\/posts"}],"about":[{"href":"https:\/\/www.best-dentist-dentistry.com\/de\/wp-json\/wp\/v2\/types\/post"}],"author":[{"embeddable":true,"href":"https:\/\/www.best-dentist-dentistry.com\/de\/wp-json\/wp\/v2\/users\/1"}],"replies":[{"embeddable":true,"href":"https:\/\/www.best-dentist-dentistry.com\/de\/wp-json\/wp\/v2\/comments?post=33794"}],"version-history":[{"count":0,"href":"https:\/\/www.best-dentist-dentistry.com\/de\/wp-json\/wp\/v2\/posts\/33794\/revisions"}],"wp:attachment":[{"href":"https:\/\/www.best-dentist-dentistry.com\/de\/wp-json\/wp\/v2\/media?parent=33794"}],"wp:term":[{"taxonomy":"category","embeddable":true,"href":"https:\/\/www.best-dentist-dentistry.com\/de\/wp-json\/wp\/v2\/categories?post=33794"},{"taxonomy":"post_tag","embeddable":true,"href":"https:\/\/www.best-dentist-dentistry.com\/de\/wp-json\/wp\/v2\/tags?post=33794"}],"curies":[{"name":"wp","href":"https:\/\/api.w.org\/{rel}","templated":true}]}}