{"id":338,"date":"2012-01-29T11:09:45","date_gmt":"2012-01-29T11:09:45","guid":{"rendered":null},"modified":"2012-01-29T11:09:45","modified_gmt":"2012-01-29T11:09:45","slug":"more-than-3000000-of-spanish-with-a-rare-disease","status":"publish","type":"post","link":"https:\/\/www.best-dentist-dentistry.com\/de\/more-than-3000000-of-spanish-with-a-rare-disease\/338","title":{"rendered":"Mehr als 3.000.000 Spanisch mit einer seltenen Krankheit."},"content":{"rendered":"<p><font size=\"2\"> <strong><font size=\"3\"> mehr als 3.000.000 Spanisch mit einer seltenen Krankheit.<\/font> <\/p>\n<p>F\u00f6deration ASEM verbindet den Welttag der seltenen Krankheiten (EERR).<\/strong> <\/p>\n<p> &#8211; heute Februar 28 findet in der ganzen Welt den Welttag der seltenen Krankheiten und F\u00f6deration ASEM tritt diese Initiative der Europ\u00e4ischen Organisation f\u00fcr seltene Erkrankungen (EURORDIS) und der spanischen F\u00f6deration seltener Krankheiten (EFRE), die auf die Verbesserung der Lebensqualit\u00e4t von Personen, die leiden an EERR. <\/p>\n<p><strong>Barcelona, Februar 2010.<\/strong> Neuromuskul\u00c3 \u00a4 re Krankheiten (MNA), mit mehr als 50.000 betroffenen bilden die gr\u00f6\u00dfte Gruppe innerhalb der seltenen Krankheiten in Spanien. Diese Gedenk Datum wird auch dienen zur Sensibilisierung und Aufkl\u00e4rung der Gesellschaft im Allgemeinen, medizinische und pharmazeutische Industrie und Regierungen auf die Notwendigkeit, die Rechte der Personen, die mit einer seltenen Krankheit zu gew\u00e4hrleisten. <\/p>\n<p>Die EERR World Day Feier konzentriert sich auf die Sichtbarkeit auf die Nachricht, dass die \u00f6ffentliche Gesundheit, die Dienstleistungen in vielerlei Hinsicht auf die Bed\u00fcrfnisse von Personen mit einem ENM, mit Ma\u00dfnahmen wie verbessert werden m\u00fcssen palliative Behandlung mit Physiotherapie vorgeschriebenen dieser Patienten in den Wiederaufbau im Portfolio der Dienstleistungen des nationalen Systems der Gesundheit (SNS) enthaltenunverzichtbar f\u00fcr sie und ihre Lebensqualit\u00e4t. <\/p>\n<p>Unter den Verweis und Forschung Zentren! Thema f\u00fcr seltene Krankheiten F\u00f6deration ASEM Verkn\u00fcpfungen Initiative der EFRE, die beabsichtigen, eine Gesundheitsversorgung erhalten kostenlose und zugeschnitten auf die Bed\u00fcrfnisse von Personen mit unterst\u00fctzen, Zentren und Einheiten multidisziplin\u00e4re, man behauptet, dass die ASEM-Bewegung manifestiert sich f\u00fchrt seit seiner Gr\u00fcndung vor 25 Jahren und die heute noch k\u00e4mpfen von der Kraft als Gibt die Union ihrer 20 Verb\u00e4nde durch das spanische Territorium und mehr als 8.000 Partner verbreitet. <\/p>\n<p><\/font><\/p>\n","protected":false},"excerpt":{"rendered":"<p>mehr als 3.000.000 Spanisch mit einer seltenen Krankheit. F\u00f6deration ASEM verbindet den Welttag der seltenen Krankheiten (EERR). &#8211; heute Februar 28 findet in der ganzen Welt den Welttag der seltenen Krankheiten und F\u00f6deration ASEM tritt diese Initiative der Europ\u00e4ischen Organisation f\u00fcr seltene Erkrankungen (EURORDIS) und der spanischen F\u00f6deration seltener Krankheiten (EFRE), die auf die Verbesserung [&hellip;]<\/p>\n","protected":false},"author":1,"featured_media":0,"comment_status":"close","ping_status":"open","sticky":false,"template":"","format":"standard","meta":{"footnotes":""},"categories":[3],"tags":[2375,2371,2372,2373,2370,2374],"class_list":["post-338","post","type-post","status-publish","format-standard","hentry","category-allgemeine","tag-eerr","tag-2371","tag-brfderation","tag-asem","tag-internationale","tag-verbindet","et-doesnt-have-format-content","et_post_format-et-post-format-standard"],"_links":{"self":[{"href":"https:\/\/www.best-dentist-dentistry.com\/de\/wp-json\/wp\/v2\/posts\/338","targetHints":{"allow":["GET"]}}],"collection":[{"href":"https:\/\/www.best-dentist-dentistry.com\/de\/wp-json\/wp\/v2\/posts"}],"about":[{"href":"https:\/\/www.best-dentist-dentistry.com\/de\/wp-json\/wp\/v2\/types\/post"}],"author":[{"embeddable":true,"href":"https:\/\/www.best-dentist-dentistry.com\/de\/wp-json\/wp\/v2\/users\/1"}],"replies":[{"embeddable":true,"href":"https:\/\/www.best-dentist-dentistry.com\/de\/wp-json\/wp\/v2\/comments?post=338"}],"version-history":[{"count":0,"href":"https:\/\/www.best-dentist-dentistry.com\/de\/wp-json\/wp\/v2\/posts\/338\/revisions"}],"wp:attachment":[{"href":"https:\/\/www.best-dentist-dentistry.com\/de\/wp-json\/wp\/v2\/media?parent=338"}],"wp:term":[{"taxonomy":"category","embeddable":true,"href":"https:\/\/www.best-dentist-dentistry.com\/de\/wp-json\/wp\/v2\/categories?post=338"},{"taxonomy":"post_tag","embeddable":true,"href":"https:\/\/www.best-dentist-dentistry.com\/de\/wp-json\/wp\/v2\/tags?post=338"}],"curies":[{"name":"wp","href":"https:\/\/api.w.org\/{rel}","templated":true}]}}