{"id":33821,"date":"2013-01-26T02:42:59","date_gmt":"2013-01-26T02:42:59","guid":{"rendered":null},"modified":"-0001-11-30T00:00:00","modified_gmt":"-0001-11-30T00:00:00","slug":"colombian-vice-president-in-rehabilitation-and-with-restricted-visits","status":"publish","type":"post","link":"https:\/\/www.best-dentist-dentistry.com\/de\/colombian-vice-president-in-rehabilitation-and-with-restricted-visits\/33821","title":{"rendered":"colombian vice president in rehabilitation and with restricted visits"},"content":{"rendered":"<p class=\"first\"> Bogota, 30 jun (EFE).-der kolumbianische Vizepr\u00e4sident Angelino Garzon, der kam aus der Einheit der Intensivstation (ICU), da heute Freitag in Ihrem Zimmer bleibt &#8220;mit eingeschr\u00e4nkten Besuche und ganzheitliche Rehabilitation-Prozess&#8221;, laut des Arztes dieses Samstag.<\/p>\n<p>Garz\u00f3n, zugelassen seit 14. Juni f\u00fcr eine zerebrale Isch\u00e4mie und wer eskalierte am 18. Tag, heute ist &#8220;klinisch stabil&#8221; und &#8220;bewusst&#8221;, hinzugef\u00fcgt den Teil der Klinik K\u00f6nigin Sofia.<\/p>\n<p>Senior, 65, am 21. Juni unterzog sich erholend&#8221;Gehirn&#8221; induzierte zur Vermeidung eine m\u00f6gliche Verschlechterung der durch die Sch\u00e4digung des betroffenen Gebiets, das Mittelhirn, die Vitalfunktionen verpflichtet auf hingewiesen \u00c4rzte.<\/p>\n<p>am vergangenen Mittwoch 27. es zur\u00fcckgezogen wurde &#8220;ventilatory Support&#8221;, eine k\u00fcnstliche Beatmungsger\u00e4t.<\/p>\n<p>ein Schlaganfall Prostatainfektion Garzon, durchdringen und vier Tage sp\u00e4ter gezwungen, die irgendwann um sein Leben Angst.<\/p>\n<p>Garzon bereits hatte eingegeben nur zwei Tage nachdem er sein Vizepr\u00e4sident von Kolumbien vom 7. August 2010 bei seinem Herzleiden von Leiden die einen chirurgischen Eingriff unterzogen, die ihn f\u00fcr mehrere Wochen und es unf\u00e4hig gehalten seitdem mit einer speziellen Di\u00e4t gehalten wird. EFE<\/p>\n","protected":false},"excerpt":{"rendered":"<p>Bogota, 30 jun (EFE).-der kolumbianische Vizepr\u00e4sident Angelino Garzon, der kam aus der Einheit der Intensivstation (ICU), da heute Freitag in Ihrem Zimmer bleibt &#8220;mit eingeschr\u00e4nkten Besuche und ganzheitliche Rehabilitation-Prozess&#8221;, laut des Arztes dieses Samstag. Garz\u00f3n, zugelassen seit 14. Juni f\u00fcr eine zerebrale Isch\u00e4mie und wer eskalierte am 18. Tag, heute ist &#8220;klinisch stabil&#8221; und &#8220;bewusst&#8221;, [&hellip;]<\/p>\n","protected":false},"author":1,"featured_media":0,"comment_status":"close","ping_status":"open","sticky":false,"template":"","format":"standard","meta":{"footnotes":""},"categories":[3],"tags":[],"class_list":["post-33821","post","type-post","status-publish","format-standard","hentry","category-allgemeine","et-doesnt-have-format-content","et_post_format-et-post-format-standard"],"_links":{"self":[{"href":"https:\/\/www.best-dentist-dentistry.com\/de\/wp-json\/wp\/v2\/posts\/33821","targetHints":{"allow":["GET"]}}],"collection":[{"href":"https:\/\/www.best-dentist-dentistry.com\/de\/wp-json\/wp\/v2\/posts"}],"about":[{"href":"https:\/\/www.best-dentist-dentistry.com\/de\/wp-json\/wp\/v2\/types\/post"}],"author":[{"embeddable":true,"href":"https:\/\/www.best-dentist-dentistry.com\/de\/wp-json\/wp\/v2\/users\/1"}],"replies":[{"embeddable":true,"href":"https:\/\/www.best-dentist-dentistry.com\/de\/wp-json\/wp\/v2\/comments?post=33821"}],"version-history":[{"count":0,"href":"https:\/\/www.best-dentist-dentistry.com\/de\/wp-json\/wp\/v2\/posts\/33821\/revisions"}],"wp:attachment":[{"href":"https:\/\/www.best-dentist-dentistry.com\/de\/wp-json\/wp\/v2\/media?parent=33821"}],"wp:term":[{"taxonomy":"category","embeddable":true,"href":"https:\/\/www.best-dentist-dentistry.com\/de\/wp-json\/wp\/v2\/categories?post=33821"},{"taxonomy":"post_tag","embeddable":true,"href":"https:\/\/www.best-dentist-dentistry.com\/de\/wp-json\/wp\/v2\/tags?post=33821"}],"curies":[{"name":"wp","href":"https:\/\/api.w.org\/{rel}","templated":true}]}}