{"id":33829,"date":"2013-01-26T02:48:30","date_gmt":"2013-01-26T02:48:30","guid":{"rendered":null},"modified":"-0001-11-30T00:00:00","modified_gmt":"-0001-11-30T00:00:00","slug":"health-claims-that-the-reform-is-scrupulously-with-regional-powers","status":"publish","type":"post","link":"https:\/\/www.best-dentist-dentistry.com\/de\/health-claims-that-the-reform-is-scrupulously-with-regional-powers\/33829","title":{"rendered":"health claims that the reform is scrupulously with regional powers"},"content":{"rendered":"<p class=\"first\"> Madrid, 28. Juli (EFE).-der Generalsekret\u00e4r der Gesundheit, Pilar Farjas, glaubt, dass die \u00c4u\u00dferungen des Verfassungsgerichtes, dem B\u00fcrgerbeauftragten und des Staatsrates gefunden, dass Gesundheit Reformma\u00dfnahmen &#8220;gef\u00fchrte&#8221; sind und dass die Regierung &#8220;gewissenhafte&#8221; mit regionalen Kompetenzen wurde.<\/p>\n<p>in einem Interview mit Efe, Farjas gesch\u00e4tzt, die Entscheidung der TC gebe zum Verarbeiten einer Ressource der Regierung den positiven Konflikt Kompetenzen mit dem Dekret des Baskenlandes deklarieren, die Selbstbeteiligung Pharma in dieser Gemeinschaft verhindert die also gel\u00e4hmt ist.<\/p>\n<p>TC, dar\u00fcber hinaus zugelassen, bis eine zweite Ressource der Exekutive gegen das Dekret von der Junta de Andaluc\u00eda Auktion der Medikamente.<\/p>\n<p>Farjas bezeichnet, dar\u00fcber hinaus auf die Entscheidung des Ombudsmannes keine Rechtsmittel der Verfassungswidrigkeit gegen die k\u00f6niglichen Erlass von Ma\u00dfnahmen, w\u00e4hrend mehrere Gewerkschaften hatte es gefordert werden.<\/p>\n<p>TaMbien Staatsrat gesprochen hat vor kurzem mit unterschiedlichen Meinungen auf die, die nach Farjas, die Regierung gesch\u00e4tzt &#8220;wurde gewissenhaft in der Entlastung der Befugnisse, die der Verfassung&#8221; gibt Ihnen.<\/p>\n<p>Diese drei Positionen Dekret Ma\u00dfnahmen bef\u00fcrworten, weil &#8220;sie sind konstitutionelle, respektiert die Kompetenzfelder, Nachhaltigkeit des Systems zu suchen, Kriterien des Eigenkapitals zu integrieren, Zusammenhalt und auch eine Mitverantwortung in die ordnungsgem\u00e4\u00dfe Verwendung des Systems, zur Vermeidung von Betrug und unregelm\u00e4\u00dfige Verwendungen zu st\u00e4rken&#8221;.<\/p>\n<p>dar\u00fcber hinaus betrachtet die Beschl\u00fcsse, die die Reform &#8220;Abschirmung&#8221; des \u00f6ffentlichen Gesundheitswesens in Zugang f\u00fcr ausl\u00e4ndische Staatsangeh\u00f6rige, die haben ihre Gesundheitssystem und Berichterstattung und erlaubt daher Spanien zu Bill Unterst\u00fctzung zu Ihnen in ihre Heimat.<\/p>\n<p>respektieren der Schutz der Gesundheit von irregul\u00e4ren Einwanderern, Farjas hat betont, dass die Regierung &#8220;ist unter besonderes Interesse an allen Ma\u00dfnahmen, die am st\u00e4rksten gef\u00e4hrdeten Bev\u00f6lkerungsgruppen zu sch\u00fctzen&#8221; und erinnerte daran, dass zum ersten Mal lange Arbeitslose Begriff ohne Bestimmung nicht zahlen f\u00fcr die Medikamente muss.<\/p>\n<p>Farjas hat deutlich gemacht, die Spanien Hilfe f\u00fcr Ausl\u00e4nder, die nicht durch sein Land mit viel gr\u00f6\u00dferen Reichweite als in den anderen L\u00e4ndern der Europ\u00e4ischen Union gesch\u00fctzt garantiert.<\/p>\n","protected":false},"excerpt":{"rendered":"<p>Madrid, 28. Juli (EFE).-der Generalsekret\u00e4r der Gesundheit, Pilar Farjas, glaubt, dass die \u00c4u\u00dferungen des Verfassungsgerichtes, dem B\u00fcrgerbeauftragten und des Staatsrates gefunden, dass Gesundheit Reformma\u00dfnahmen &#8220;gef\u00fchrte&#8221; sind und dass die Regierung &#8220;gewissenhafte&#8221; mit regionalen Kompetenzen wurde. in einem Interview mit Efe, Farjas gesch\u00e4tzt, die Entscheidung der TC gebe zum Verarbeiten einer Ressource der Regierung den positiven [&hellip;]<\/p>\n","protected":false},"author":1,"featured_media":0,"comment_status":"close","ping_status":"open","sticky":false,"template":"","format":"standard","meta":{"footnotes":""},"categories":[3],"tags":[44236],"class_list":["post-33829","post","type-post","status-publish","format-standard","hentry","category-allgemeine","tag-juanes","et-doesnt-have-format-content","et_post_format-et-post-format-standard"],"_links":{"self":[{"href":"https:\/\/www.best-dentist-dentistry.com\/de\/wp-json\/wp\/v2\/posts\/33829","targetHints":{"allow":["GET"]}}],"collection":[{"href":"https:\/\/www.best-dentist-dentistry.com\/de\/wp-json\/wp\/v2\/posts"}],"about":[{"href":"https:\/\/www.best-dentist-dentistry.com\/de\/wp-json\/wp\/v2\/types\/post"}],"author":[{"embeddable":true,"href":"https:\/\/www.best-dentist-dentistry.com\/de\/wp-json\/wp\/v2\/users\/1"}],"replies":[{"embeddable":true,"href":"https:\/\/www.best-dentist-dentistry.com\/de\/wp-json\/wp\/v2\/comments?post=33829"}],"version-history":[{"count":0,"href":"https:\/\/www.best-dentist-dentistry.com\/de\/wp-json\/wp\/v2\/posts\/33829\/revisions"}],"wp:attachment":[{"href":"https:\/\/www.best-dentist-dentistry.com\/de\/wp-json\/wp\/v2\/media?parent=33829"}],"wp:term":[{"taxonomy":"category","embeddable":true,"href":"https:\/\/www.best-dentist-dentistry.com\/de\/wp-json\/wp\/v2\/categories?post=33829"},{"taxonomy":"post_tag","embeddable":true,"href":"https:\/\/www.best-dentist-dentistry.com\/de\/wp-json\/wp\/v2\/tags?post=33829"}],"curies":[{"name":"wp","href":"https:\/\/api.w.org\/{rel}","templated":true}]}}