{"id":33932,"date":"2013-01-30T02:46:40","date_gmt":"2013-01-30T02:46:40","guid":{"rendered":null},"modified":"-0001-11-30T00:00:00","modified_gmt":"-0001-11-30T00:00:00","slug":"basque-government-denies-to-go-to-reduce-the-staff-of-reinforcement-in-primary-care-in-the-coming-months","status":"publish","type":"post","link":"https:\/\/www.best-dentist-dentistry.com\/de\/basque-government-denies-to-go-to-reduce-the-staff-of-reinforcement-in-primary-care-in-the-coming-months\/33932","title":{"rendered":"basque government denies to go to reduce the staff of reinforcement in primary care in the coming months"},"content":{"rendered":"<p class=\"first\"> BILBAO, 20 (EUROPA PRESS)<\/p>\n<p>das baskische Gesundheitsministerium hat versichert, Mittwoch, das wird nicht zur Reduzierung der Mitarbeiter der Bewehrung in der Grundversorgung in den n\u00e4chsten paar Monate. &#8220;Osakidetza \u00e4ndert nicht ihre Politik der Ersetzungen oder diesen Sommer oder in den n\u00e4chsten paar Monaten. es mehr ist, ist nachweisbar und beweisbar, dass die Anzahl der Ersetzungen im Laufe der Monate gewachsen ist&#8221; wurde hinzugef\u00fcgt.<\/p>\n<p>in einer Erkl\u00e4rung des Ministeriums unter der Regie von Rafael Bengoa somit links nach der Passage der Vorw\u00fcrfe ge\u00e4u\u00dfert hat das Parlament der baskischen PP Laura-Garrido, wer angeprangert hat, dass die baskische Regierung beabsichtigt, die Verringerung der Bewehrung von Personal in medizinischen Zentren Osakidetza. &#8220;in den kommenden Monaten&#8221; verpflichten sich<\/p>\n<p>darauf hingewiesen, dass Vorw\u00fcrfe der parlamentarischen PP sind &#8220;absolut falsch und ihnen fehlt die geringste Stiftung,&#8221; Gesundheit hat gefordert, dass Garrido Anschuldigungen zu beweisen, die dies etwas Mittwoch, gegossen hat die, er hat festgestellt, &#8220;scheint nicht passiert &rsquo;.<\/p>\n","protected":false},"excerpt":{"rendered":"<p>BILBAO, 20 (EUROPA PRESS) das baskische Gesundheitsministerium hat versichert, Mittwoch, das wird nicht zur Reduzierung der Mitarbeiter der Bewehrung in der Grundversorgung in den n\u00e4chsten paar Monate. &#8220;Osakidetza \u00e4ndert nicht ihre Politik der Ersetzungen oder diesen Sommer oder in den n\u00e4chsten paar Monaten. es mehr ist, ist nachweisbar und beweisbar, dass die Anzahl der Ersetzungen [&hellip;]<\/p>\n","protected":false},"author":1,"featured_media":0,"comment_status":"close","ping_status":"open","sticky":false,"template":"","format":"standard","meta":{"footnotes":""},"categories":[3],"tags":[],"class_list":["post-33932","post","type-post","status-publish","format-standard","hentry","category-allgemeine","et-doesnt-have-format-content","et_post_format-et-post-format-standard"],"_links":{"self":[{"href":"https:\/\/www.best-dentist-dentistry.com\/de\/wp-json\/wp\/v2\/posts\/33932","targetHints":{"allow":["GET"]}}],"collection":[{"href":"https:\/\/www.best-dentist-dentistry.com\/de\/wp-json\/wp\/v2\/posts"}],"about":[{"href":"https:\/\/www.best-dentist-dentistry.com\/de\/wp-json\/wp\/v2\/types\/post"}],"author":[{"embeddable":true,"href":"https:\/\/www.best-dentist-dentistry.com\/de\/wp-json\/wp\/v2\/users\/1"}],"replies":[{"embeddable":true,"href":"https:\/\/www.best-dentist-dentistry.com\/de\/wp-json\/wp\/v2\/comments?post=33932"}],"version-history":[{"count":0,"href":"https:\/\/www.best-dentist-dentistry.com\/de\/wp-json\/wp\/v2\/posts\/33932\/revisions"}],"wp:attachment":[{"href":"https:\/\/www.best-dentist-dentistry.com\/de\/wp-json\/wp\/v2\/media?parent=33932"}],"wp:term":[{"taxonomy":"category","embeddable":true,"href":"https:\/\/www.best-dentist-dentistry.com\/de\/wp-json\/wp\/v2\/categories?post=33932"},{"taxonomy":"post_tag","embeddable":true,"href":"https:\/\/www.best-dentist-dentistry.com\/de\/wp-json\/wp\/v2\/tags?post=33932"}],"curies":[{"name":"wp","href":"https:\/\/api.w.org\/{rel}","templated":true}]}}