{"id":3403,"date":"2012-02-07T18:01:18","date_gmt":"2012-02-07T18:01:18","guid":{"rendered":null},"modified":"-0001-11-30T00:00:00","modified_gmt":"-0001-11-30T00:00:00","slug":"cocemfe-calls-for-responsible-use-of-language-to-the-political-class","status":"publish","type":"post","link":"https:\/\/www.best-dentist-dentistry.com\/de\/cocemfe-calls-for-responsible-use-of-language-to-the-political-class\/3403","title":{"rendered":"COCEMFE fordert verantwortungsvollen Umgang mit der Sprache der politischen Klasse."},"content":{"rendered":"<p><strong>COCEMFE fordert verantwortungsvollen Umgang der politischen Klasse Sprache. <\/p>\n<p><\/strong> <br \/><font size=\"2\">-Sekret\u00e4r der Politik unabh\u00e4ngig von der Gruppierung sozialistische Chamart\u00edn, Martu erdrosseln, verwendet die Begriffe  Bettler &#8221;,  Bettler &#8221;,  Tullidos &#8221; und  Poliporretas &#8221; auf Twitter <\/p>\n<p>-Dieses Vokabular ist beleidigend und ist anstatt eine Reihe von Stereotypen, die Sch\u00e4den an diesen kollektiven verewigen <\/p>\n<p>-die Behindertenbewegung seit vielen Jahren bringen Sie streben mit abwertender Konnotationen verbannen <\/p>\n<p> <strong>Madrid, Februar 2012.-<\/strong> Spanisch Bund von Menschen mit k\u00f6rperlicher Behinderung und organische (COCEMFE) nicht hinnehmbar und verwerflich h\u00e4lt die Begriffe, die vom Sekret\u00e4r Politik autonom von der Gruppierung sozialistische der Chamart\u00edn, Martu Kn\u00fcppel, Risiko der sozialen Ausgrenzung, Behinderung und Drogen abh\u00e4ngigen Menschen bezeichnet. <\/p>\n<p>Erdrosseln schrieb in seinem Twitter-Profil, die folgenden Kommentar \u00fcber die Ministerin f\u00fcr Familie und soziale Angelegenheiten der Gemeinschaft von Madrid, Salvador Victoria:  Sir Salvador Victoria Ratsmitglied der Bettler, Bettler, Tullidos und Polipoterras der Regierung Aguirre Camelot &#8221;. Eine M\u00f6glichkeit zum Verweisen auf das Kollektiv, die dieser Rat klar emp\u00f6rend dient. <\/p>\n<p>  R\u00fcckkehr zu uns einige v\u00f6llig unverantwortlichen Anweisungen ohne Begr\u00fcndung durch eine \u00f6ffentliche Person, mit der ein politisches Amt zu finden. Dieses Vokabular ist beleidigend und ist anstatt eine Reihe von Stereotypen, die zu diesen Gruppen, die schw\u00e4chsten in der Gesellschaft Schaden zu verewigen &#8221;, sagt Mario Garcia, Pr\u00e4sident des COCEMFE. <\/p>\n<p>Martu Stock hat erkl\u00e4rt, dass diese Nachricht geschrieben wurde  absolut in humorvollen &#8221;. Allerdings, und auch auf diese Weise die assoziative Bewegung der Behinderung, hat f\u00fcr viele Jahre bem\u00fcht, euch verbannen mit abwertende Konnotationen, die sie die Person gekennzeichnet und ihre w\u00fcrde, daher diese Art von Kommentaren als v\u00f6llig kontraproduktiv verletzen. <\/p>\n<p>Der Spanisch-Konf\u00f6deration der Menschen mit k\u00f6rperlicher Behinderung und organische (<\/font> <font   size=\"2\"> COCEMFE<\/font> <font   size=\"2\">) ist eine nichtstaatliche gemeinn\u00fctzige gegr\u00fcndet 1980. Ziel ist es zu vereinen, st\u00e4rken, trainieren und koordinieren die Bem\u00fchungen und Aktivit\u00e4ten der Einrichtungen f\u00fcr Behinderte, physikalische und biologische ihre Rechte zu verteidigen und ihre Lebensqualit\u00e4t zu verbessern. Das Unternehmen vereint mehr als 1.360 Organisationen unterteilt in regionale Verb\u00e4nde, staatlicher Institutionen und provinziellen Verb\u00e4nde, die wiederum unterschiedlichen lokalen Verb\u00e4nden gruppiert. <\/p>\n<p><\/font><\/p>\n","protected":false},"excerpt":{"rendered":"<p>COCEMFE fordert verantwortungsvollen Umgang der politischen Klasse Sprache. -Sekret\u00e4r der Politik unabh\u00e4ngig von der Gruppierung sozialistische Chamart\u00edn, Martu erdrosseln, verwendet die Begriffe Bettler &#8221;, Bettler &#8221;, Tullidos &#8221; und Poliporretas &#8221; auf Twitter -Dieses Vokabular ist beleidigend und ist anstatt eine Reihe von Stereotypen, die Sch\u00e4den an diesen kollektiven verewigen -die Behindertenbewegung seit vielen Jahren [&hellip;]<\/p>\n","protected":false},"author":1,"featured_media":0,"comment_status":"close","ping_status":"open","sticky":false,"template":"","format":"standard","meta":{"footnotes":""},"categories":[3],"tags":[11369,11368,11367,11366],"class_list":["post-3403","post","type-post","status-publish","format-standard","hentry","category-allgemeine","tag-klasse","tag-politischen","tag-verantwortungsvollen","tag-witterung","et-doesnt-have-format-content","et_post_format-et-post-format-standard"],"_links":{"self":[{"href":"https:\/\/www.best-dentist-dentistry.com\/de\/wp-json\/wp\/v2\/posts\/3403","targetHints":{"allow":["GET"]}}],"collection":[{"href":"https:\/\/www.best-dentist-dentistry.com\/de\/wp-json\/wp\/v2\/posts"}],"about":[{"href":"https:\/\/www.best-dentist-dentistry.com\/de\/wp-json\/wp\/v2\/types\/post"}],"author":[{"embeddable":true,"href":"https:\/\/www.best-dentist-dentistry.com\/de\/wp-json\/wp\/v2\/users\/1"}],"replies":[{"embeddable":true,"href":"https:\/\/www.best-dentist-dentistry.com\/de\/wp-json\/wp\/v2\/comments?post=3403"}],"version-history":[{"count":0,"href":"https:\/\/www.best-dentist-dentistry.com\/de\/wp-json\/wp\/v2\/posts\/3403\/revisions"}],"wp:attachment":[{"href":"https:\/\/www.best-dentist-dentistry.com\/de\/wp-json\/wp\/v2\/media?parent=3403"}],"wp:term":[{"taxonomy":"category","embeddable":true,"href":"https:\/\/www.best-dentist-dentistry.com\/de\/wp-json\/wp\/v2\/categories?post=3403"},{"taxonomy":"post_tag","embeddable":true,"href":"https:\/\/www.best-dentist-dentistry.com\/de\/wp-json\/wp\/v2\/tags?post=3403"}],"curies":[{"name":"wp","href":"https:\/\/api.w.org\/{rel}","templated":true}]}}