{"id":3410,"date":"2012-02-08T18:00:35","date_gmt":"2012-02-08T18:00:35","guid":{"rendered":null},"modified":"-0001-11-30T00:00:00","modified_gmt":"-0001-11-30T00:00:00","slug":"combination-therapy-should-be-considered-the-standard-treatment-in-patients-with-alzheimers-disease","status":"publish","type":"post","link":"https:\/\/www.best-dentist-dentistry.com\/de\/combination-therapy-should-be-considered-the-standard-treatment-in-patients-with-alzheimers-disease\/3410","title":{"rendered":"&#8220;Kombinationstherapie sollte die Standardtherapie bei Patienten mit Alzheimer Krankheit angesehen werden&#8221;."},"content":{"rendered":"<p><strong> Kombinationstherapie sollte als die Standardtherapie bei Patienten mit Alzheimer-Krankheit &#8221;. <\/p>\n<p><\/strong> <font size=\"2\"> <strong>XVII nationalen Kurs der Alzheimer-Krankheit.<\/strong><\/p>\n<p>-17 nat\u00fcrlich nationalen Alzheimer-Krankheit endete am Samstag in C\u00e1diz nach drei intensiven Tagen Arbeit wichtige Schlussfolgerungen f\u00fcr die medizinische Gemeinschaft in Bezug auf die Diagnose und Behandlung dieser Krankheit, sowohl pharmakologische und kognitive Stimulation durch <\/p>\n<p> &#8211; zus\u00e4tzlichim Kurs registrierte 200 Experten erweitert seine Ausbildung durch Teilnahme an Workshops, insbesondere eine neuropsychologischen Skalen in der Demenz-Beratung gewidmet <\/p>\n<p> <strong>Cadiz, Februar 2012-<\/strong> 17 Ausgabe der nationalen Kurs der Alzheimer-Krankheit, die im Palast der Kongresse von C\u00e1diz am Donnerstag statt und hat durch die Fundaci organisiert wurden\u00d3n Gr\u00fcnenthal in Verbindung mit der Durchf\u00fchrung der Neurologie und Demenz aus der spanischen Neurologie Gesellschaft (SEN), abgeschlossen mit wichtige Schlussfolgerungen f\u00fcr die medizinische Gemeinschaft (Spezialisten in Neurologie, Geriatrie, Psychiatrie, \u00c4rzte)(, etc.), sowohl in Bezug auf Diagnose und Behandlung dieser Krankheit. <\/p>\n<p>  in der heutigen Zeit, es gibt zwei Arten von Medikamenten f\u00fcr die Behandlung der Alzheimer-Krankheit, Inhibitoren der Acetylcholinesterase (Donepezil, Rivastigmin und Galantamin) und Memantine &#8221;, erl\u00e4utert in einem der Runden Tische Dr. Adri\u00e1n Ares Luque, komplexe medizinische Universit\u00e4t von Le\u00f3n, wer, die hinzugef\u00fcgt  alle von ihnen haben ihre Wirksamkeit bei der Kontrolle der kognitiven Erkrankungen erwiesen, Verhaltens- und funktional charakterisiert, die die Krankheit &#8221;. <\/p>\n<p>In dieser Zeile, laut dem Neurologen  Kombinationstherapie (mit einem Inhibitor der Cholinesterase und Memantine Association) hat gezeigt, eine symptomatische Verbesserung kognitiver Aspekte, Verhaltens- und funktionale und Skalen der Gesamtbewertung in klinischen Studien auf 6 Monate, oben mit Inhibitoren der Cholinesterase in Monotherapie Behandlung abgerufenes &#8221;. <\/p>\n<p>  Mehrere offene Studien haben gezeigt, dar\u00fcber hinaus, dass die Kombinationstherapie beh\u00e4lt seine Wirksamkeit eine Prolog-Zeit. Langsam kognitive und funktionelle Verschlechterung der signifikante und nachhaltige Art und Weise (nach einem zwei-Jahres-Follow-up und eine halbe), und verhindert, dass die Darstellung des Verhaltens Ver\u00e4nderungen, verz\u00f6gern die Notwendigkeit der Institutionalisierung (nach einem Follow-up von mehr als f\u00fcnf Jahren). Deshalb, die Kombination aus einem Inhibitor der Acetylcholinesterase und Memantine als die Standardtherapie bei Patienten mit Alzheimer-Krankheit &#8221;, Dr. Ares Luque abgeschlossen. <\/p>\n<p><strong>Bildung Werkst\u00e4tten<\/strong> <\/p>\n<p>Auf der anderen Seite, ist anzumerken, dass w\u00e4hrend das wissenschaftliche Angebot 200 registrierte Experten in Lehrwerkst\u00e4tten, insbesondere die gelehrt von Dr. Crist\u00f3bal Carnero von der Hospital Virgen de Las Nieves Granada teilgenommen haben:  skaliert neuropsychologische Demenz Beratung &#8221;. <\/p>\n<p>In diesem Workshop, entsprechend der Spezialist, hat sich eine Inszenierung ein Tag \u00fcber die neuen Instrumente und Skalen, die in den letzten Jahren entwickelt haben und die sollen die Erkennung, Bewertung und Follow-up von Patienten mit kognitiver Beeintr\u00e4chtigung oder Demenz in die Konsultationen zu erleichtern. <\/p>\n<p>  Wir besonderes Augenmerk auf zwei von ihnen platziert haben, auf der einen Seite der Fototest (kurze Test erm\u00f6glicht die Erkennung und Diagnose von Beratung durch Beschwerden des Ged\u00e4chtnisses, ein Grund f\u00fcr die Konsultation t\u00e4glich h\u00e4ufiger, 1 alle 3-4-Konsultationen in der Neurologie ist in der Tat, warum Menschen) &#8221;, erkl\u00e4rt Dr. Carnero, der feststellte, dass der Fototest  nur drei Minuten ben\u00f6tigt und verbessert die Leistung, Kosten und n\u00fctzliche diagnostische Tests, die bisher f\u00fcr diesen Zweck verwendet wurden &#8221;. <\/p>\n<p>Das andere Instrument, das die Aufmerksamkeit von der Workshop konzentriert wurde, stieg das Niveau, einen neu entwickelten Fragebogen und \u00fcberladen, die darauf abzielt, rationalisieren und vereinfachen die Follow-up von Patienten mit Alzheimer-Krankheit, globalen und integralen Weg, um ihre kognitiven, funktionelle Status, Verhaltensst\u00f6rungen und ihre Lebensqualit\u00e4t sowie die Betreuer Wert. <\/p>\n<p>Die Konferenz endete Samstag mit einem schnellen Kurs Marker f\u00fcr die Diagnose der Krankheit, deren Ziel die Identifizierung von Markern, die in der aktuellen und zuk\u00fcnftigen klinischen Praxis und war erlauben die Umsetzung der neuen diagnostischen Kriterien sowie m\u00f6glicherweise verf\u00fcgbarDiagnostizieren der Krankheit ohne das Auftreten von Demenz. <\/p>\n<p><\/font><\/p>\n","protected":false},"excerpt":{"rendered":"<p>Kombinationstherapie sollte als die Standardtherapie bei Patienten mit Alzheimer-Krankheit &#8221;. XVII nationalen Kurs der Alzheimer-Krankheit. -17 nat\u00fcrlich nationalen Alzheimer-Krankheit endete am Samstag in C\u00e1diz nach drei intensiven Tagen Arbeit wichtige Schlussfolgerungen f\u00fcr die medizinische Gemeinschaft in Bezug auf die Diagnose und Behandlung dieser Krankheit, sowohl pharmakologische und kognitive Stimulation durch &#8211; zus\u00e4tzlichim Kurs registrierte 200 [&hellip;]<\/p>\n","protected":false},"author":1,"featured_media":0,"comment_status":"close","ping_status":"open","sticky":false,"template":"","format":"standard","meta":{"footnotes":""},"categories":[3],"tags":[11384,11382,11383],"class_list":["post-3410","post","type-post","status-publish","format-standard","hentry","category-allgemeine","tag-angesehen","tag-kombinationstherapie","tag-standardtherapie","et-doesnt-have-format-content","et_post_format-et-post-format-standard"],"_links":{"self":[{"href":"https:\/\/www.best-dentist-dentistry.com\/de\/wp-json\/wp\/v2\/posts\/3410","targetHints":{"allow":["GET"]}}],"collection":[{"href":"https:\/\/www.best-dentist-dentistry.com\/de\/wp-json\/wp\/v2\/posts"}],"about":[{"href":"https:\/\/www.best-dentist-dentistry.com\/de\/wp-json\/wp\/v2\/types\/post"}],"author":[{"embeddable":true,"href":"https:\/\/www.best-dentist-dentistry.com\/de\/wp-json\/wp\/v2\/users\/1"}],"replies":[{"embeddable":true,"href":"https:\/\/www.best-dentist-dentistry.com\/de\/wp-json\/wp\/v2\/comments?post=3410"}],"version-history":[{"count":0,"href":"https:\/\/www.best-dentist-dentistry.com\/de\/wp-json\/wp\/v2\/posts\/3410\/revisions"}],"wp:attachment":[{"href":"https:\/\/www.best-dentist-dentistry.com\/de\/wp-json\/wp\/v2\/media?parent=3410"}],"wp:term":[{"taxonomy":"category","embeddable":true,"href":"https:\/\/www.best-dentist-dentistry.com\/de\/wp-json\/wp\/v2\/categories?post=3410"},{"taxonomy":"post_tag","embeddable":true,"href":"https:\/\/www.best-dentist-dentistry.com\/de\/wp-json\/wp\/v2\/tags?post=3410"}],"curies":[{"name":"wp","href":"https:\/\/api.w.org\/{rel}","templated":true}]}}